{"id":2268,"date":"2016-08-24T09:52:50","date_gmt":"2016-08-24T07:52:50","guid":{"rendered":"http:\/\/www.cislferrara.it\/?p=2268"},"modified":"2016-08-24T09:52:50","modified_gmt":"2016-08-24T07:52:50","slug":"obbligazioni-subordinate-carife-il-fondo-di-solidarieta","status":"publish","type":"post","link":"https:\/\/www.cislferrara.it\/fr\/obbligazioni-subordinate-carife-il-fondo-di-solidarieta\/","title":{"rendered":"Obligations subordonn\u00e9es Carife, le Fonds de solidarit\u00e9"},"content":{"rendered":"<p>Concernant le litige Carife, les \u00e9pargnants qui ont investi dans des obligations subordonn\u00e9es sont inform\u00e9s que d\u00e9but juillet, le d\u00e9cret l\u00e9gislatif n\u00b0 59\/2016, qui r\u00e9glemente l&#039;acc\u00e8s au fonds de solidarit\u00e9 avec versement direct, la soi-disant \u00ab compensation automatique \u00bb pour les seuls d\u00e9tenteurs d&#039;obligations, a \u00e9t\u00e9 transform\u00e9 en loi.<\/p>\n<p>Les conditions requises sont :<\/p>\n<ol>\n<li>achat d&#039;obligations subordonn\u00e9es avant le 06\/12\/2014<\/li>\n<li>patrimoine de l&#039;investisseur inf\u00e9rieur \u00e0 100\u00a0000 \u20ac au 31 d\u00e9cembre 2015, ou, \u00e0 d\u00e9faut, revenu total au sens de l&#039;Irpef, se r\u00e9f\u00e9rant \u00e0 l&#039;ann\u00e9e 2014, inf\u00e9rieur \u00e0 35\u00a0000 \u20ac<\/li>\n<\/ol>\n<p>Pour acc\u00e9der au fonds, il faut remplir un formulaire de demande, accompagn\u00e9 d&#039;une s\u00e9rie de documents. Si l&#039;\u00e9pargnant ne les poss\u00e8de pas, Adiconsum les demandera directement \u00e0 la banque. Le demandeur doit auto-certifier ses revenus ou son patrimoine, ainsi qu&#039;une d\u00e9claration expresse attestant que toute fausse d\u00e9claration est passible de sanctions p\u00e9nales.<\/p>\n<p>Le d\u00e9lai pour acc\u00e9der \u00e0 la proc\u00e9dure est de six mois \u00e0 compter de l&#039;approbation du d\u00e9cret, nous avons donc jusqu&#039;au 3 janvier 2017.<\/p>\n<p>Le fonds v\u00e9rifiera l&#039;exhaustivit\u00e9 de la documentation et proc\u00e9dera \u00e0 la liquidation dans les 60 jours suivant la demande. Le remboursement sera calcul\u00e9 sur le capital r\u00e9siduel, mais nous en aurons confirmation lors de la publication du r\u00e8glement interpr\u00e9tatif. Le remboursement sera \u00e9gal \u00e0 80%, net de tout rendement suppl\u00e9mentaire par rapport \u00e0 celui des BTP de m\u00eame dur\u00e9e et des frais et d\u00e9penses li\u00e9s \u00e0 la liquidation.<\/p>\n<p>Cotisation. Le calcul ne sera pas effectu\u00e9 par l&#039;association mais par le fonds, et nous ne pourrons pas d\u00e9terminer \u00e0 l&#039;avance le montant qui sera d\u00fb \u00e0 l&#039;\u00e9pargnant.<\/p>\n<p>Le d\u00e9p\u00f4t d&#039;une demande aupr\u00e8s du fonds exclut tout recours \u00e0 l&#039;arbitrage, et inversement. Malheureusement, les crit\u00e8res d&#039;acc\u00e8s \u00e0 l&#039;arbitrage n&#039;ont pas encore \u00e9t\u00e9 publi\u00e9s, et il est actuellement difficile de conseiller d\u00e9finitivement les \u00e9pargnants sur la proc\u00e9dure \u00e0 suivre.<\/p>\n<p>Ceux qui ne remplissent pas les conditions \u00e9num\u00e9r\u00e9es ci-dessus pour acc\u00e9der au fonds ne pourront acc\u00e9der qu&#039;\u00e0 la proc\u00e9dure d&#039;arbitrage.<\/p>\n<p>Contactez Adiconsum Ferrara pour plus d&#039;informations. <\/p>","protected":false},"excerpt":{"rendered":"<p>En ce qui concerne le litige Carife, les \u00e9pargnants qui ont investi dans des obligations subordonn\u00e9es sont inform\u00e9s que le d\u00e9cret l\u00e9gislatif n\u00b0 59\/2016 a \u00e9t\u00e9 transform\u00e9 en loi.<\/p>","protected":false},"author":3,"featured_media":2269,"comment_status":"closed","ping_status":"closed","sticky":false,"template":"","format":"standard","meta":{"footnotes":""},"categories":[135,24],"tags":[144,145],"class_list":{"0":"post-2268","1":"post","2":"type-post","3":"status-publish","4":"format-standard","5":"has-post-thumbnail","7":"category-adiconsum","8":"category-avvisi","9":"tag-carife","10":"tag-obbligazioni-subordinate"},"_links":{"self":[{"href":"https:\/\/www.cislferrara.it\/fr\/wp-json\/wp\/v2\/posts\/2268","targetHints":{"allow":["GET"]}}],"collection":[{"href":"https:\/\/www.cislferrara.it\/fr\/wp-json\/wp\/v2\/posts"}],"about":[{"href":"https:\/\/www.cislferrara.it\/fr\/wp-json\/wp\/v2\/types\/post"}],"author":[{"embeddable":true,"href":"https:\/\/www.cislferrara.it\/fr\/wp-json\/wp\/v2\/users\/3"}],"replies":[{"embeddable":true,"href":"https:\/\/www.cislferrara.it\/fr\/wp-json\/wp\/v2\/comments?post=2268"}],"version-history":[{"count":0,"href":"https:\/\/www.cislferrara.it\/fr\/wp-json\/wp\/v2\/posts\/2268\/revisions"}],"wp:featuredmedia":[{"embeddable":true,"href":"https:\/\/www.cislferrara.it\/fr\/wp-json\/wp\/v2\/media\/2269"}],"wp:attachment":[{"href":"https:\/\/www.cislferrara.it\/fr\/wp-json\/wp\/v2\/media?parent=2268"}],"wp:term":[{"taxonomy":"category","embeddable":true,"href":"https:\/\/www.cislferrara.it\/fr\/wp-json\/wp\/v2\/categories?post=2268"},{"taxonomy":"post_tag","embeddable":true,"href":"https:\/\/www.cislferrara.it\/fr\/wp-json\/wp\/v2\/tags?post=2268"}],"curies":[{"name":"wp","href":"https:\/\/api.w.org\/{rel}","templated":true}]}}