{"id":2254,"date":"2016-07-27T15:59:32","date_gmt":"2016-07-27T13:59:32","guid":{"rendered":"http:\/\/www.cislferrara.it\/?p=2254"},"modified":"2023-03-15T09:04:54","modified_gmt":"2023-03-15T08:04:54","slug":"privatizzazione_poste_italiane","status":"publish","type":"post","link":"https:\/\/www.cislferrara.it\/fr\/privatizzazione_poste_italiane\/","title":{"rendered":"Privatisation de Poste Italiane\u00a0: \u00e0 qui profite-t-elle\u00a0? Appel aux \u00e9lus de Ferrare"},"content":{"rendered":"<p style=\"text-align: center;\"><strong>Lettre ouverte :<\/strong><\/p>\n<p style=\"text-align: center;\"><strong>\u00a0\u00c0 qui profite la privatisation totale de Poste Italiane ? <\/strong><\/p>\n<p style=\"text-align: center;\"><strong>Un appel aux politiciens de Ferrare<\/strong><\/p>\n<p>Ces jours-ci, les commissions permanentes (comp\u00e9tentes en la mati\u00e8re) de la Chambre et du S\u00e9nat discutent le projet de d\u00e9cret du Pr\u00e9sident du Conseil des Ministres contenant la d\u00e9finition des crit\u00e8res de privatisation et les modalit\u00e9s de cession d&#039;une part suppl\u00e9mentaire de la participation, d\u00e9tenue par le Minist\u00e8re de l&#039;Economie et des Finances, dans le capital de Poste Italiane Spa (\u00e9gale \u00e0 29,7%).<\/p>\n<p>Le Gouvernement (par l&#039;interm\u00e9diaire du Minist\u00e8re de l&#039;Economie et des Finances) assure qu&#039;il maintiendra, apr\u00e8s cette nouvelle vente d&#039;actions (<em>la premi\u00e8re transe a \u00e9t\u00e9 plac\u00e9e en octobre de l&#039;ann\u00e9e derni\u00e8re<\/em>), cependant, le pouvoir de contr\u00f4le sur la soci\u00e9t\u00e9 Poste par l&#039;interm\u00e9diaire de la Cassa e Depositi e Prestiti (<em>Le MEF est l&#039;actionnaire majoritaire, le reste des actions de la CDP est d\u00e9tenu par certaines fondations bancaires<\/em>) \u00e0 qui, il y a quelques semaines, il a \u00ab envoy\u00e9 \u00bb les 35% d\u2019actions de Poste Italiane.<\/p>\n<p>Cela dit, je crois qu&#039;il est de mon devoir de signaler aux citoyens de notre territoire que, s&#039;ils per\u00e7oivent aujourd&#039;hui une baisse de la qualit\u00e9 du service postal (<em>voir livraison tous les deux jours<\/em>) et ils anticipent le risque que, petit \u00e0 petit, Poste Italiane emprunte une voie diff\u00e9rente de celle inscrite dans son ADN, c&#039;est-\u00e0-dire qu&#039;elle devienne de plus en plus une banque. Demain, si la vente de cette part suppl\u00e9mentaire d&#039;actions d\u00e9tenues par le MEF sur le march\u00e9 se concr\u00e9tise, ces \u00e9l\u00e9ments commenceront \u00e0 prendre forme, concr\u00e8tement et de mani\u00e8re d\u00e9sagr\u00e9able.<\/p>\n<p>Qui a int\u00e9r\u00eat \u00e0 distribuer le courrier \u00e0 Gorino plut\u00f4t que dans les villages perch\u00e9s de nos Alpes et de nos Apennins\u00a0? Combien de ces personnes, issues du monde bancaire et financier, une fois propri\u00e9taires (m\u00eame partiellement) et au sein de la gouvernance de Poste, tenteront d&#039;utiliser, tel un cheval de Troie, la r\u00e9putation, ou, si vous pr\u00e9f\u00e9rez, la \u00ab\u00a0marque\u00a0\u00bb de Poste Italiane, pour \u00ab\u00a0diffuser\u00a0\u00bb certains produits qui ne circulent aujourd&#039;hui que dans les banques\u00a0?<\/p>\n<p>Poste Italiane est la plus grande entreprise de services de notre pays qui, une fois devenue SpA (1998), a continu\u00e9 \u00e0 fournir le service universel, et bien plus encore, sans peser le moins du monde sur les poches des citoyens.<\/p>\n<p>S&#039;agissant d&#039;une entreprise pratiquement saine qui, depuis des ann\u00e9es, fournit des b\u00e9n\u00e9fices importants \u00e0 l&#039;actionnaire \u00e9tatique (d&#039;abord l&#039;actionnaire unique, puis l&#039;actionnaire majoritaire), les raisons de sa vente, ou plut\u00f4t de sa liquidation, ne sont pas comprises.<\/p>\n<p>S&#039;agit-il d&#039;une op\u00e9ration fondamentale pour la dette publique\u00a0? Pensez-vous vraiment qu&#039;un peu plus de 2 milliards d&#039;euros, qui pourraient \u00eatre collect\u00e9s gr\u00e2ce \u00e0 de nouvelles ventes d&#039;actions, seraient pertinents face \u00e0 l&#039;\u00e9norme dette publique italienne\u00a0?<\/p>\n<p>Et alors ? Je ne veux pas r\u00e9pondre \u00e0 ces questions de peur d&#039;\u00eatre accus\u00e9 de fantasme politique, mais je dirai simplement : \u00e9vitons de r\u00e9p\u00e9ter l&#039;erreur de Telecom, \u00e9vitons les catastrophes postales d\u00e9j\u00e0 survenues dans d&#039;autres pays, \u00e9vitons que La Poste abandonne le r\u00f4le social qu&#039;elle a toujours jou\u00e9, \u00e9vitons, par tous les moyens, cet outrage !<\/p>\n<p>Pour les raisons et consid\u00e9rations expos\u00e9es ci-dessus, j&#039;en appelle \u00e0 toutes les forces politiques de Ferrare, en particulier celles qui si\u00e8gent au Parlement, pour qu&#039;elles s&#039;expriment, prennent une position officielle et fassent savoir aux citoyens ce qu&#039;elles pensent de cette privatisation qui mettrait fin \u00e0 160 ans d&#039;histoire postale et qui mettrait certainement en p\u00e9ril de nombreux emplois et toute une s\u00e9rie d&#039;avantages pour les citoyens eux-m\u00eames qui, demain, pourraient se r\u00e9veiller avec une banque de plus (<em>et je ne pense pas que ce soit n\u00e9cessaire<\/em>) et beaucoup moins de bureaux de poste.<\/p>\n<p>Ferrare, le 27 juillet 2016<\/p>\n<p>&nbsp;<\/p>","protected":false},"excerpt":{"rendered":"<p>Lettre ouverte : \u00c0 qui profite la privatisation totale de Poste Italiane ? Appel aux \u00e9lus de Ferrare Ces derniers jours, au sein des commissions permanentes (comp\u00e9tentes en la mati\u00e8re) de la Chambre et\u2026<\/p>","protected":false},"author":3,"featured_media":1987,"comment_status":"closed","ping_status":"closed","sticky":false,"template":"","format":"standard","meta":{"footnotes":""},"categories":[19,10],"tags":[142,141,143],"class_list":{"0":"post-2254","1":"post","2":"type-post","3":"status-publish","4":"format-standard","5":"has-post-thumbnail","7":"category-cisl-ferrara","8":"category-slp","9":"tag-ferrara","10":"tag-privatizzazione-poste","11":"tag-tagliavia"},"_links":{"self":[{"href":"https:\/\/www.cislferrara.it\/fr\/wp-json\/wp\/v2\/posts\/2254","targetHints":{"allow":["GET"]}}],"collection":[{"href":"https:\/\/www.cislferrara.it\/fr\/wp-json\/wp\/v2\/posts"}],"about":[{"href":"https:\/\/www.cislferrara.it\/fr\/wp-json\/wp\/v2\/types\/post"}],"author":[{"embeddable":true,"href":"https:\/\/www.cislferrara.it\/fr\/wp-json\/wp\/v2\/users\/3"}],"replies":[{"embeddable":true,"href":"https:\/\/www.cislferrara.it\/fr\/wp-json\/wp\/v2\/comments?post=2254"}],"version-history":[{"count":1,"href":"https:\/\/www.cislferrara.it\/fr\/wp-json\/wp\/v2\/posts\/2254\/revisions"}],"predecessor-version":[{"id":4102,"href":"https:\/\/www.cislferrara.it\/fr\/wp-json\/wp\/v2\/posts\/2254\/revisions\/4102"}],"wp:featuredmedia":[{"embeddable":true,"href":"https:\/\/www.cislferrara.it\/fr\/wp-json\/wp\/v2\/media\/1987"}],"wp:attachment":[{"href":"https:\/\/www.cislferrara.it\/fr\/wp-json\/wp\/v2\/media?parent=2254"}],"wp:term":[{"taxonomy":"category","embeddable":true,"href":"https:\/\/www.cislferrara.it\/fr\/wp-json\/wp\/v2\/categories?post=2254"},{"taxonomy":"post_tag","embeddable":true,"href":"https:\/\/www.cislferrara.it\/fr\/wp-json\/wp\/v2\/tags?post=2254"}],"curies":[{"name":"wp","href":"https:\/\/api.w.org\/{rel}","templated":true}]}}