{"id":2216,"date":"2016-06-27T10:18:40","date_gmt":"2016-06-27T08:18:40","guid":{"rendered":"http:\/\/www.cislferrara.it\/?p=2216"},"modified":"2016-06-27T10:18:40","modified_gmt":"2016-06-27T08:18:40","slug":"la-chiusura-degli-uffici-postali-nei-piccoli-centri-danneggia-le-fasce-deboli","status":"publish","type":"post","link":"https:\/\/www.cislferrara.it\/fr\/la-chiusura-degli-uffici-postali-nei-piccoli-centri-danneggia-le-fasce-deboli\/","title":{"rendered":"La fermeture des bureaux de poste dans les petites villes porte pr\u00e9judice aux groupes les plus vuln\u00e9rables."},"content":{"rendered":"<p>Le syndicat des retrait\u00e9s <strong>FNP CISL<\/strong> du district OUEST de Ferrare, (qui regroupe les communes de l&#039;Alto Ferrarese), en collaboration avec l&#039;association b\u00e9n\u00e9vole <strong>ANTEAS de Reno Centese<\/strong>, par la pr\u00e9sente <strong>Lettre ouverte<\/strong>, r\u00e9it\u00e8rent leur opposition \u00e0 la fermeture du bureau de poste de Reno Centese pr\u00e9vue dans les prochains jours, suite \u00e0 la d\u00e9cision du TAR.<\/p>\n<p>La fermeture des bureaux de poste dans de petites villes comme Reno Centese (mais aussi Montesanto, Masi San Giacomo et Marozzo, dans la province de Ferrare) ne peut \u00eatre d\u00e9cid\u00e9e uniquement sur la base d&#039;un plan industriel de Poste Italiane. Ce plan a peut-\u00eatre pris en compte des consid\u00e9rations de productivit\u00e9 et \u00e9conomiques, mais il n\u00e9glige la validit\u00e9 et la p\u00e9rennit\u00e9 d&#039;un service vital, notamment pour les retrait\u00e9s.<\/p>\n<p><strong>Il s\u2019agit d\u2019un service public essentiel,<\/strong> Cela est particuli\u00e8rement vrai pour les personnes \u00e2g\u00e9es, qui peuvent \u00eatre jointes sans aucune d\u00e9pendance. En effet, la fermeture de ce bureau impliquerait de devoir faire appel \u00e0 des tiers pour se rendre dans des bureaux situ\u00e9s ailleurs, ce qui repr\u00e9senterait \u00e9galement une charge financi\u00e8re, compte tenu de l&#039;absence d&#039;un r\u00e9seau de transports en commun capable de r\u00e9pondre \u00e0 leurs besoins quotidiens.<\/p>\n<p>Sans entrer dans le fond des choix que le maire de la commune de Cento entend adopter pour s&#039;opposer \u00e0 la d\u00e9cision du TAR (nous esp\u00e9rons un recours devant le Conseil d&#039;\u00c9tat qui a d\u00e9j\u00e0 exprim\u00e9 son avis favorable dans d&#039;autres parties), l&#039;invitation que FNP et ANTEAS estiment devoir soumettre aux dirigeants de Poste Italiane, au pr\u00e9sident de la r\u00e9gion, au pr\u00e9sident de la province et au maire lui-m\u00eame est d&#039;\u00e9valuer <strong>au lieu de fermetures de bureaux, des investissements dans des bureaux dans les petites villes<\/strong>\u00catre plus proche des besoins des personnes \u00e2g\u00e9es, recr\u00e9er cette relation de confiance si importante, m\u00eame dans la gestion des \u00e9conomies. Le sentiment actuel, cependant, est celui de l&#039;abandon, plut\u00f4t que de la proximit\u00e9 et de l&#039;assistance. La Poste a rendu, et peut continuer de rendre, m\u00eame un petit village comme Reno Centese important.<\/p>\n<p>N&#039;oublions pas que le tremblement de terre de 2012 a gravement touch\u00e9 la population de ce territoire, et que le PUBLIC, avec la R\u00e9gion et la Municipalit\u00e9 en premi\u00e8re ligne, a fait face \u00e0 l&#039;urgence. <strong>investir<\/strong> Afin de maintenir les services de base comme les \u00e9coles, tout en \u00e9vitant l&#039;exode rural, un grand complexe scolaire moderne a \u00e9t\u00e9 construit \u00e0 Reno Centese. Naturellement, les familles qui utilisent ou utiliseront potentiellement les services postaux soutiennent cet effort.<\/p>\n<p>Le Syndicat des retrait\u00e9s FNP-CISL et l&#039;association b\u00e9n\u00e9vole ANTEAS, dans leurs r\u00f4les respectifs, estiment que ce qui est exprim\u00e9 ci-dessus ne demande pas une <strong>insignes royaux<\/strong>; mais \u00e0 partir de l\u00e0, <em><span style=\"text-decoration: underline;\">(s&#039;opposer \u00e0 la fermeture d&#039;un bureau de poste<\/span><\/em>), pour lancer un processus de revitalisation des petits centres, avec l&#039;implication n\u00e9cessaire de la population, \u00ab mais aussi de ceux qui fournissent et g\u00e8rent les services \u00bb, pas pour eux, \u00a0<strong>mais pour les r\u00e9sidents<\/strong>.<\/p>\n<p>&nbsp;<\/p>\n<p>&nbsp;<\/p>\n<p>&nbsp;<\/p>\n<p>Cent l\u00e0 23\/06\/2016 <\/p>","protected":false},"excerpt":{"rendered":"<p>Le syndicat des retrait\u00e9s FNP CISL du district OUEST de Ferrare (qui englobe les communes de la zone Alto Ferrarese), en collaboration avec l&#039;association de b\u00e9n\u00e9voles ANTEAS de Reno Centese, avec cette lettre ouverte,\u2026<\/p>","protected":false},"author":3,"featured_media":2217,"comment_status":"closed","ping_status":"closed","sticky":false,"template":"","format":"standard","meta":{"footnotes":""},"categories":[134,19,16],"tags":[33,28],"class_list":{"0":"post-2216","1":"post","2":"type-post","3":"status-publish","4":"format-standard","5":"has-post-thumbnail","7":"category-anteas","8":"category-cisl-ferrara","9":"category-fnp","10":"tag-pensionati","11":"tag-posta"},"_links":{"self":[{"href":"https:\/\/www.cislferrara.it\/fr\/wp-json\/wp\/v2\/posts\/2216","targetHints":{"allow":["GET"]}}],"collection":[{"href":"https:\/\/www.cislferrara.it\/fr\/wp-json\/wp\/v2\/posts"}],"about":[{"href":"https:\/\/www.cislferrara.it\/fr\/wp-json\/wp\/v2\/types\/post"}],"author":[{"embeddable":true,"href":"https:\/\/www.cislferrara.it\/fr\/wp-json\/wp\/v2\/users\/3"}],"replies":[{"embeddable":true,"href":"https:\/\/www.cislferrara.it\/fr\/wp-json\/wp\/v2\/comments?post=2216"}],"version-history":[{"count":0,"href":"https:\/\/www.cislferrara.it\/fr\/wp-json\/wp\/v2\/posts\/2216\/revisions"}],"wp:featuredmedia":[{"embeddable":true,"href":"https:\/\/www.cislferrara.it\/fr\/wp-json\/wp\/v2\/media\/2217"}],"wp:attachment":[{"href":"https:\/\/www.cislferrara.it\/fr\/wp-json\/wp\/v2\/media?parent=2216"}],"wp:term":[{"taxonomy":"category","embeddable":true,"href":"https:\/\/www.cislferrara.it\/fr\/wp-json\/wp\/v2\/categories?post=2216"},{"taxonomy":"post_tag","embeddable":true,"href":"https:\/\/www.cislferrara.it\/fr\/wp-json\/wp\/v2\/tags?post=2216"}],"curies":[{"name":"wp","href":"https:\/\/api.w.org\/{rel}","templated":true}]}}