{"id":2203,"date":"2016-06-01T15:01:20","date_gmt":"2016-06-01T13:01:20","guid":{"rendered":"http:\/\/www.cislferrara.it\/?p=2203"},"modified":"2016-06-01T15:01:20","modified_gmt":"2016-06-01T13:01:20","slug":"elezioni-rappresentanze-sindacali-general-cavi","status":"publish","type":"post","link":"https:\/\/www.cislferrara.it\/fr\/elezioni-rappresentanze-sindacali-general-cavi\/","title":{"rendered":"\u00c9lections des repr\u00e9sentants syndicaux du G\u00e9n\u00e9ral Cavi"},"content":{"rendered":"<p>Le 31 mai 2016 s&#039;est achev\u00e9e la consultation des travailleurs pour l&#039;\u00e9lection des nouveaux repr\u00e9sentants syndicaux (RSU\/RLSSA) de General Cavi. Les travailleurs des unit\u00e9s de production d&#039;Argenta et de Ferrara ont particip\u00e9 aux \u00e9lections, auxquelles ont particip\u00e9 126 salari\u00e9s.<br \/>\nLes sondages donnent ce r\u00e9sultat :<\/p>\n<p>113 salari\u00e9s ont vot\u00e9, dont 112 votes valides et 1 vote invalide.<br \/>\nFemca-Cisl a re\u00e7u 90 voix<br \/>\nFilctem-Cgil a re\u00e7u 22 votes<\/p>\n<p>En cons\u00e9quence, 3 d\u00e9l\u00e9gu\u00e9s sont affect\u00e9s \u00e0 la Femca-Cisl et 1 \u00e0 la Filctem-Cgil.<br \/>\nUiltec-Uil n&#039;a pas particip\u00e9 \u00e0 ce renouvellement car elle n&#039;a pas \u00e9t\u00e9 en mesure de compiler sa propre liste.<\/p>\n<p>Nous tenons \u00e0 remercier tous ceux qui ont vot\u00e9 pour la liste Femca-Cisl et pour nos candidats dont les d\u00e9l\u00e9gu\u00e9s sont \u00e9lus. <strong><em>Giuseppe Cacciatore, Antonio Negri <\/em><\/strong>Et<strong><em> Simoni Gabriele<\/em><\/strong>.<\/p>\n<p>En fait, Femca Cisl Ferrara a obtenu 80.351 TP3T de pr\u00e9f\u00e9rence, augmentant ainsi son consensus de mani\u00e8re encore plus convaincante par rapport aux \u00e9lections pr\u00e9c\u00e9dentes de 2012.<\/p>\n<p>En ce qui concerne les deux Repr\u00e9sentants de la S\u00e9curit\u00e9 des Travailleurs (RLSSA) pr\u00e9vus dans l&#039;entreprise, tous deux seront affect\u00e9s \u00e0 Femca-Cisl et nomm\u00e9s dans les prochains jours.<\/p>\n<p>Conscients des responsabilit\u00e9s que tout cela implique, nous assurons notre plus grand engagement \u00e0 repr\u00e9senter et \u00e0 prot\u00e9ger tous les travailleurs de General Cavi.<\/p>\n<p>C&#039;est pour cette raison que Luigi Baiano, membre du Secr\u00e9tariat Femca-Cisl de Ferrare, s&#039;engagera \u00e0 soutenir et \u00e0 collaborer avec Giuseppe, Antonio et Gabriele, afin que ce r\u00e9sultat puisse accro\u00eetre la participation des travailleurs aux activit\u00e9s de l&#039;association et \u00e0 la vie de l&#039;entreprise.<\/p>\n<p>&nbsp;<\/p>\n<p>1er juin 2016<\/p>\n<p>&nbsp;<\/p>\n<p>&nbsp;<\/p>\n<p style=\"text-align: center;\">\u00a0\u00a0\u00a0\u00a0\u00a0\u00a0\u00a0\u00a0\u00a0\u00a0\u00a0\u00a0\u00a0\u00a0\u00a0\u00a0\u00a0\u00a0\u00a0\u00a0\u00a0 <strong>\u00a0Le Secr\u00e9taire G\u00e9n\u00e9ral de la Femca Cisl Ferrara<\/strong><\/p>\n<p style=\"text-align: center;\"><strong>\u00a0\u00a0\u00a0\u00a0\u00a0\u00a0\u00a0\u00a0\u00a0\u00a0\u00a0\u00a0\u00a0\u00a0\u00a0\u00a0\u00a0\u00a0\u00a0\u00a0\u00a0\u00a0\u00a0\u00a0\u00a0\u00a0\u00a0\u00a0\u00a0\u00a0\u00a0\u00a0\u00a0\u00a0\u00a0\u00a0\u00a0\u00a0\u00a0\u00a0\u00a0\u00a0\u00a0\u00a0\u00a0\u00a0\u00a0\u00a0\u00a0\u00a0\u00a0\u00a0\u00a0\u00a0\u00a0\u00a0 Stefano Mantovani<\/strong><\/p>","protected":false},"excerpt":{"rendered":"<p>Il giorno 31 maggio 2016 si \u00e8 concluso l\u2019iter di consultazione dei lavoratori per eleggere i nuovi rappresentanti sindacali unitari (RSU\/RLSSA) presso l\u2019azienda General Cavi. Alle elezioni hanno partecipato i&#8230;<\/p>","protected":false},"author":3,"featured_media":324,"comment_status":"closed","ping_status":"closed","sticky":false,"template":"","format":"standard","meta":{"footnotes":""},"categories":[19,14],"tags":[],"class_list":{"0":"post-2203","1":"post","2":"type-post","3":"status-publish","4":"format-standard","5":"has-post-thumbnail","7":"category-cisl-ferrara","8":"category-femca"},"_links":{"self":[{"href":"https:\/\/www.cislferrara.it\/fr\/wp-json\/wp\/v2\/posts\/2203","targetHints":{"allow":["GET"]}}],"collection":[{"href":"https:\/\/www.cislferrara.it\/fr\/wp-json\/wp\/v2\/posts"}],"about":[{"href":"https:\/\/www.cislferrara.it\/fr\/wp-json\/wp\/v2\/types\/post"}],"author":[{"embeddable":true,"href":"https:\/\/www.cislferrara.it\/fr\/wp-json\/wp\/v2\/users\/3"}],"replies":[{"embeddable":true,"href":"https:\/\/www.cislferrara.it\/fr\/wp-json\/wp\/v2\/comments?post=2203"}],"version-history":[{"count":0,"href":"https:\/\/www.cislferrara.it\/fr\/wp-json\/wp\/v2\/posts\/2203\/revisions"}],"wp:featuredmedia":[{"embeddable":true,"href":"https:\/\/www.cislferrara.it\/fr\/wp-json\/wp\/v2\/media\/324"}],"wp:attachment":[{"href":"https:\/\/www.cislferrara.it\/fr\/wp-json\/wp\/v2\/media?parent=2203"}],"wp:term":[{"taxonomy":"category","embeddable":true,"href":"https:\/\/www.cislferrara.it\/fr\/wp-json\/wp\/v2\/categories?post=2203"},{"taxonomy":"post_tag","embeddable":true,"href":"https:\/\/www.cislferrara.it\/fr\/wp-json\/wp\/v2\/tags?post=2203"}],"curies":[{"name":"wp","href":"https:\/\/api.w.org\/{rel}","templated":true}]}}