{"id":2175,"date":"2016-05-06T11:57:45","date_gmt":"2016-05-06T09:57:45","guid":{"rendered":"http:\/\/www.cislferrara.it\/?p=2175"},"modified":"2016-05-06T11:59:24","modified_gmt":"2016-05-06T09:59:24","slug":"rsu_felisi","status":"publish","type":"post","link":"https:\/\/www.cislferrara.it\/fr\/rsu_felisi\/","title":{"rendered":"\u00c9LECTIONS RSU \u00c0 FELISI"},"content":{"rendered":"<p>Les 3 et 5 mai 2016, des \u00e9lections ont eu lieu pour renouveler la repr\u00e9sentation syndicale chez Felisi SAS. Il s&#039;agit de la plus grande entreprise de maroquinerie de la r\u00e9gion de Ferrare, produisant principalement des sacs \u00e0 main pour femmes de haute qualit\u00e9, avec une forte orientation vers le march\u00e9 asiatique.<\/p>\n<p>Plus de 60 employ\u00e9s y travaillent (presque exclusivement des femmes), et jusqu&#039;\u00e0 pr\u00e9sent, notre syndicat n&#039;avait jamais eu l&#039;occasion d&#039;avoir des d\u00e9l\u00e9gu\u00e9s. Au cours des deux derni\u00e8res ann\u00e9es, nous avons r\u00e9ussi \u00e0 devenir de plus en plus repr\u00e9sentatifs, ce qui a conduit \u00e0 ce renouvellement, qui nous a permis de nommer une travailleuse tr\u00e8s respect\u00e9e par ses coll\u00e8gues, qui a recueilli plus de 301 voix.<\/p>\n<p>Nous remercions donc la nouvelle d\u00e9l\u00e9gu\u00e9e Stefania Gennari, ainsi que nos membres et sympathisants, qui ont rendu possible cet excellent r\u00e9sultat. Aujourd&#039;hui marque le d\u00e9but d&#039;une nouvelle exp\u00e9rience pour Stefania, et elle b\u00e9n\u00e9ficiera, comme toujours, du soutien d&#039;un syndicat qui lui fournira toute la formation et le soutien n\u00e9cessaires pour repr\u00e9senter au mieux ses coll\u00e8gues.<\/p>\n<p>&nbsp;<\/p>\n<p>Vittorio Battaglia<\/p>\n<p>Secr\u00e9taire G\u00e9n\u00e9ral Adjoint de la Femca Cisl Ferrara <\/p>","protected":false},"excerpt":{"rendered":"<p>Les 3 et 5 mai 2016, des \u00e9lections ont eu lieu pour renouveler la repr\u00e9sentation syndicale chez Felisi SAS. Il s&#039;agit de la plus grande entreprise du\u2026<\/p>","protected":false},"author":3,"featured_media":2176,"comment_status":"closed","ping_status":"closed","sticky":false,"template":"","format":"standard","meta":{"footnotes":""},"categories":[19,14],"tags":[],"class_list":{"0":"post-2175","1":"post","2":"type-post","3":"status-publish","4":"format-standard","5":"has-post-thumbnail","7":"category-cisl-ferrara","8":"category-femca"},"_links":{"self":[{"href":"https:\/\/www.cislferrara.it\/fr\/wp-json\/wp\/v2\/posts\/2175","targetHints":{"allow":["GET"]}}],"collection":[{"href":"https:\/\/www.cislferrara.it\/fr\/wp-json\/wp\/v2\/posts"}],"about":[{"href":"https:\/\/www.cislferrara.it\/fr\/wp-json\/wp\/v2\/types\/post"}],"author":[{"embeddable":true,"href":"https:\/\/www.cislferrara.it\/fr\/wp-json\/wp\/v2\/users\/3"}],"replies":[{"embeddable":true,"href":"https:\/\/www.cislferrara.it\/fr\/wp-json\/wp\/v2\/comments?post=2175"}],"version-history":[{"count":0,"href":"https:\/\/www.cislferrara.it\/fr\/wp-json\/wp\/v2\/posts\/2175\/revisions"}],"wp:featuredmedia":[{"embeddable":true,"href":"https:\/\/www.cislferrara.it\/fr\/wp-json\/wp\/v2\/media\/2176"}],"wp:attachment":[{"href":"https:\/\/www.cislferrara.it\/fr\/wp-json\/wp\/v2\/media?parent=2175"}],"wp:term":[{"taxonomy":"category","embeddable":true,"href":"https:\/\/www.cislferrara.it\/fr\/wp-json\/wp\/v2\/categories?post=2175"},{"taxonomy":"post_tag","embeddable":true,"href":"https:\/\/www.cislferrara.it\/fr\/wp-json\/wp\/v2\/tags?post=2175"}],"curies":[{"name":"wp","href":"https:\/\/api.w.org\/{rel}","templated":true}]}}