{"id":2160,"date":"2016-04-15T11:17:10","date_gmt":"2016-04-15T09:17:10","guid":{"rendered":"http:\/\/www.cislferrara.it\/?p=2160"},"modified":"2016-04-15T11:17:10","modified_gmt":"2016-04-15T09:17:10","slug":"fondartigianato-un-pieno-di-soluzioni","status":"publish","type":"post","link":"https:\/\/www.cislferrara.it\/fr\/fondartigianato-un-pieno-di-soluzioni\/","title":{"rendered":"FONDARTIGIANATO, PLEIN DE SOLUTIONS"},"content":{"rendered":"<p align=\"justify\"><span style=\"font-family: Helvetica,sans-serif;\"><span style=\"font-size: small;\"><span style=\"font-size: large;\">Les partenaires sociaux de l&#039;industrie artisanale CNA, CONFARTIGIANATO, CASARTIGIANI, CLAAI, CGIL, CISL, UIL de la province de Ferrare pr\u00e9sentent aux entreprises, aux travailleurs et aux institutions le projet sp\u00e9cial d&#039;actions\/initiatives exp\u00e9rimentales \u00ab PIT STOP FONDARTIGIANATO UN PIENO DI SOLUZIONI \u00bb, financ\u00e9 par Fondartigianato, le fonds de formation interprofessionnel, le plus important d&#039;Italie en termes de nombre d&#039;entreprises.<\/span><\/span><\/span><\/p>\n<p align=\"justify\"><span style=\"font-family: Helvetica,sans-serif;\"><span style=\"font-size: small;\"><span style=\"font-size: large;\">\u00c0 Ferrare, 1\u00a0831 entreprises artisanales, industrielles et commerciales, employant 6\u00a0987 personnes, sont membres de Fondartigianato. L\u2019ann\u00e9e derni\u00e8re, 57 entreprises et 400 salari\u00e9s ont b\u00e9n\u00e9fici\u00e9 de formations gratuites dispens\u00e9es par Fondartigianato, pour un montant total de plus de 588\u00a0000\u00a0\u20ac.<\/span><\/span><\/span><\/p>\n<p align=\"justify\"><span style=\"font-family: Helvetica,sans-serif;\"><span style=\"font-size: small;\"><span style=\"font-size: large;\">L&#039;initiative se d\u00e9roulera le mercredi 20 avril apr\u00e8s-midi, \u00e0 partir de 17h00, \u00e0 l&#039;h\u00f4tel Lucrezia Borgia, Via Bononi 34, \u00e0 Ferrare. Les entreprises participantes pourront y recevoir des conseils initiaux pour d\u00e9velopper les comp\u00e9tences n\u00e9cessaires \u00e0 leur croissance et r\u00e9server leur premier bilan gratuit, d&#039;une valeur de 2\u00a0000\u00a0\u20ac.<\/span><\/span><\/span><\/p>","protected":false},"excerpt":{"rendered":"<p>Le Parti Sociali dell&#8217;Artigianato CNA, CONFARTIGIANATO, CASARTIGIANI, CLAAI, CGIL, CISL, UIL della Provincia di Ferrara presentano alle imprese, ai lavoratori ed alle istituzioni il progetto speciale di azioni\/iniziative sperimentali &#8220;PIT&#8230;<\/p>","protected":false},"author":3,"featured_media":2161,"comment_status":"closed","ping_status":"closed","sticky":false,"template":"","format":"standard","meta":{"footnotes":""},"categories":[1],"tags":[],"class_list":{"0":"post-2160","1":"post","2":"type-post","3":"status-publish","4":"format-standard","5":"has-post-thumbnail","7":"category-area-stampa"},"_links":{"self":[{"href":"https:\/\/www.cislferrara.it\/fr\/wp-json\/wp\/v2\/posts\/2160","targetHints":{"allow":["GET"]}}],"collection":[{"href":"https:\/\/www.cislferrara.it\/fr\/wp-json\/wp\/v2\/posts"}],"about":[{"href":"https:\/\/www.cislferrara.it\/fr\/wp-json\/wp\/v2\/types\/post"}],"author":[{"embeddable":true,"href":"https:\/\/www.cislferrara.it\/fr\/wp-json\/wp\/v2\/users\/3"}],"replies":[{"embeddable":true,"href":"https:\/\/www.cislferrara.it\/fr\/wp-json\/wp\/v2\/comments?post=2160"}],"version-history":[{"count":0,"href":"https:\/\/www.cislferrara.it\/fr\/wp-json\/wp\/v2\/posts\/2160\/revisions"}],"wp:featuredmedia":[{"embeddable":true,"href":"https:\/\/www.cislferrara.it\/fr\/wp-json\/wp\/v2\/media\/2161"}],"wp:attachment":[{"href":"https:\/\/www.cislferrara.it\/fr\/wp-json\/wp\/v2\/media?parent=2160"}],"wp:term":[{"taxonomy":"category","embeddable":true,"href":"https:\/\/www.cislferrara.it\/fr\/wp-json\/wp\/v2\/categories?post=2160"},{"taxonomy":"post_tag","embeddable":true,"href":"https:\/\/www.cislferrara.it\/fr\/wp-json\/wp\/v2\/tags?post=2160"}],"curies":[{"name":"wp","href":"https:\/\/api.w.org\/{rel}","templated":true}]}}