{"id":2152,"date":"2016-04-07T11:05:31","date_gmt":"2016-04-07T09:05:31","guid":{"rendered":"http:\/\/www.cislferrara.it\/?p=2152"},"modified":"2016-04-07T11:06:30","modified_gmt":"2016-04-07T09:06:30","slug":"inaugurazione-sede-fnp-anteas-portogaribaldi","status":"publish","type":"post","link":"https:\/\/www.cislferrara.it\/fr\/inaugurazione-sede-fnp-anteas-portogaribaldi\/","title":{"rendered":"Inauguration du si\u00e8ge de Fnp-Anteas Portogaribaldi"},"content":{"rendered":"<p>Le mardi 5 avril 2016, le si\u00e8ge r\u00e9nov\u00e9 et agrandi de la FNP-Anteas \u00e0 Portogaribaldi a \u00e9t\u00e9 inaugur\u00e9. Outre les b\u00e9n\u00e9voles et les sympathisants de la FNP-Anteas, la pr\u00e9sidente provinciale d&#039;Anteas, Marisa Baroni, le secr\u00e9taire g\u00e9n\u00e9ral territorial de la FNP-CISL de Ferrare, Sergio Dalbuono, et la secr\u00e9taire territoriale \u00e0 l&#039;organisation de la FNP-CISL de Ferrare, Rosaria Prestia, \u00e9taient \u00e9galement pr\u00e9sents.<br \/>\nNous joignons des photos de ce moment convivial.<\/p>\n<p><a href=\"http:\/\/www.cislferrara.it\/wp-content\/uploads\/2016\/04\/IMG_5883.jpg\"><img loading=\"lazy\" decoding=\"async\" class=\"alignnone size-medium wp-image-2154\" src=\"http:\/\/www.cislferrara.it\/wp-content\/uploads\/2016\/04\/IMG_5883-169x300.jpg\" alt=\"IMG_5883\" width=\"169\" height=\"300\" srcset=\"https:\/\/www.cislferrara.it\/wp-content\/uploads\/2016\/04\/IMG_5883-169x300.jpg 169w, https:\/\/www.cislferrara.it\/wp-content\/uploads\/2016\/04\/IMG_5883-576x1024.jpg 576w, https:\/\/www.cislferrara.it\/wp-content\/uploads\/2016\/04\/IMG_5883.jpg 900w\" sizes=\"auto, (max-width: 169px) 100vw, 169px\" \/><\/a><a href=\"http:\/\/www.cislferrara.it\/wp-content\/uploads\/2016\/04\/IMG_5890.jpg\"><img loading=\"lazy\" decoding=\"async\" class=\"alignnone size-medium wp-image-2155\" src=\"http:\/\/www.cislferrara.it\/wp-content\/uploads\/2016\/04\/IMG_5890-300x225.jpg\" alt=\"IMG_5890\" width=\"300\" height=\"225\" srcset=\"https:\/\/www.cislferrara.it\/wp-content\/uploads\/2016\/04\/IMG_5890-300x225.jpg 300w, https:\/\/www.cislferrara.it\/wp-content\/uploads\/2016\/04\/IMG_5890-1024x768.jpg 1024w, https:\/\/www.cislferrara.it\/wp-content\/uploads\/2016\/04\/IMG_5890.jpg 1600w\" sizes=\"auto, (max-width: 300px) 100vw, 300px\" \/><\/a> <a href=\"http:\/\/www.cislferrara.it\/wp-content\/uploads\/2016\/04\/IMG_5897.jpg\"><img loading=\"lazy\" decoding=\"async\" class=\"alignnone size-medium wp-image-2156\" src=\"http:\/\/www.cislferrara.it\/wp-content\/uploads\/2016\/04\/IMG_5897-225x300.jpg\" alt=\"IMG_5897\" width=\"225\" height=\"300\" srcset=\"https:\/\/www.cislferrara.it\/wp-content\/uploads\/2016\/04\/IMG_5897-225x300.jpg 225w, https:\/\/www.cislferrara.it\/wp-content\/uploads\/2016\/04\/IMG_5897-768x1024.jpg 768w, https:\/\/www.cislferrara.it\/wp-content\/uploads\/2016\/04\/IMG_5897.jpg 1200w\" sizes=\"auto, (max-width: 225px) 100vw, 225px\" \/><\/a> <\/p>","protected":false},"excerpt":{"rendered":"<p>Nella giornata di marted\u00ec 5 aprile 2016 \u00e8 stata inaugurata la sede Fnp &#8211; Anteas di Portogaribaldi, rinnovata ed ampliata; oltre ai volontari e ai simpatizzanti Fnp &#8211; Anteas, erano&#8230;<\/p>","protected":false},"author":3,"featured_media":2153,"comment_status":"closed","ping_status":"closed","sticky":false,"template":"","format":"standard","meta":{"footnotes":""},"categories":[19,16],"tags":[],"class_list":{"0":"post-2152","1":"post","2":"type-post","3":"status-publish","4":"format-standard","5":"has-post-thumbnail","7":"category-cisl-ferrara","8":"category-fnp"},"_links":{"self":[{"href":"https:\/\/www.cislferrara.it\/fr\/wp-json\/wp\/v2\/posts\/2152","targetHints":{"allow":["GET"]}}],"collection":[{"href":"https:\/\/www.cislferrara.it\/fr\/wp-json\/wp\/v2\/posts"}],"about":[{"href":"https:\/\/www.cislferrara.it\/fr\/wp-json\/wp\/v2\/types\/post"}],"author":[{"embeddable":true,"href":"https:\/\/www.cislferrara.it\/fr\/wp-json\/wp\/v2\/users\/3"}],"replies":[{"embeddable":true,"href":"https:\/\/www.cislferrara.it\/fr\/wp-json\/wp\/v2\/comments?post=2152"}],"version-history":[{"count":0,"href":"https:\/\/www.cislferrara.it\/fr\/wp-json\/wp\/v2\/posts\/2152\/revisions"}],"wp:featuredmedia":[{"embeddable":true,"href":"https:\/\/www.cislferrara.it\/fr\/wp-json\/wp\/v2\/media\/2153"}],"wp:attachment":[{"href":"https:\/\/www.cislferrara.it\/fr\/wp-json\/wp\/v2\/media?parent=2152"}],"wp:term":[{"taxonomy":"category","embeddable":true,"href":"https:\/\/www.cislferrara.it\/fr\/wp-json\/wp\/v2\/categories?post=2152"},{"taxonomy":"post_tag","embeddable":true,"href":"https:\/\/www.cislferrara.it\/fr\/wp-json\/wp\/v2\/tags?post=2152"}],"curies":[{"name":"wp","href":"https:\/\/api.w.org\/{rel}","templated":true}]}}