{"id":2143,"date":"2016-03-25T11:14:47","date_gmt":"2016-03-25T10:14:47","guid":{"rendered":"http:\/\/www.cislferrara.it\/?p=2143"},"modified":"2016-03-25T11:14:47","modified_gmt":"2016-03-25T10:14:47","slug":"cambiare-le-pensioni-per-dare-lavoro-ai-giovani","status":"publish","type":"post","link":"https:\/\/www.cislferrara.it\/fr\/cambiare-le-pensioni-per-dare-lavoro-ai-giovani\/","title":{"rendered":"R\u00c9FORMER LES PENSIONS POUR DONNER DU TRAVAIL AUX JEUNES"},"content":{"rendered":"<p><strong>\u00c0 Ferrare, un rassemblement et un cort\u00e8ge auront lieu sur la Piazza Travaglio \u00e0 9h30.<\/strong><br \/>\n<strong>\u00c9V\u00c9NEMENT SUR LA PLACE SAN NICOLO \u00c0 10H30<\/strong><br \/>\n<strong>DISCOURS DE CONCLUSION DE GIORGIO GRAZIANI, SECR\u00c9TAIRE G\u00c9N\u00c9RAL DE LA CISL \u00c9MILIE-ROMAGNE<\/strong><\/p>\n<p>\u2013 DE LA FLEXIBILIT\u00c9 POUR TOUS<\/p>\n<p>\u2013 RESPECT DE L&#039;EFFORT ET DES DIFF\u00c9RENCES DE TRAVAIL<\/p>\n<p>\u2013 41 ANS DE CONTRIBUTIONS SUFFISENT<\/p>\n<p>\u2013 DES PENSIONS D\u00c9CENTES AUJOURD&#039;HUI ET DEMAIN<\/p>\n<p>Modifier la loi Monti-Fornero, en ajoutant <strong>flexibilit\u00e9 dans la sortie<\/strong>, en tenant compte des emplois les plus exigeants, vous permettant de prendre votre retraite apr\u00e8s 41 ann\u00e9es de cotisations, offrant <strong>Des pensions plus dignes, r\u00e9\u00e9valu\u00e9es selon les indications de la Cour constitutionnelle<\/strong>Ce sont l\u00e0 quelques-uns des objectifs de la mobilisation nationale, appel\u00e9e par la CGIL CISL UIL pour le samedi 2 avril, avec des manifestations dans toutes les capitales provinciales afin de sensibiliser l&#039;opinion publique au conflit.<br \/>\nLe gouvernement n&#039;a entam\u00e9 aucune discussion sur la question des retraites et continue de pr\u00e9voir de r\u00e9percuter l&#039;int\u00e9gralit\u00e9 du co\u00fbt de toute modification sur les travailleurs, y compris les pensions de survivants, malgr\u00e9 des d\u00e9mentis peu cr\u00e9dibles.<br \/>\nDans le m\u00eame temps, les probl\u00e8mes li\u00e9s au ch\u00f4mage des jeunes s&#039;aggravent, de nombreux citoyens se retrouvant sans revenus en raison des pertes d&#039;emploi et de l&#039;\u00e9puisement des filets de s\u00e9curit\u00e9 sociale.<br \/>\nLa CGIL CISL UIL a pr\u00e9sent\u00e9 depuis longtemps un <strong>La plateforme unie sur la s\u00e9curit\u00e9 sociale appelle \u00e0 des changements substantiels et soul\u00e8ve \u00e9galement la question des futures pensions,<\/strong> Pour ces raisons, il est n\u00e9cessaire de reconstruire un cadre de solidarit\u00e9 qui unisse les g\u00e9n\u00e9rations et justifie le syst\u00e8me de retraite italien par r\u00e9partition. <\/p>","protected":false},"excerpt":{"rendered":"<p>A FERRARA CONCENTRAMENTO CORTEO IN PIAZZA TRAVAGLIO 9,30 MANIFESTAZIONE PIAZZETTA SAN NICOLO&#8217; ORE 10,30 INTERVENTO CONCLUSIVO GIORGIO GRAZIANI SEGRETARIO GENERALE CISL EMILIA ROMAGNA &#8211; FLESSIBILITA&#8217; PER TUTTI &#8211; RISPETTO PER&#8230;<\/p>","protected":false},"author":3,"featured_media":2144,"comment_status":"closed","ping_status":"closed","sticky":false,"template":"","format":"standard","meta":{"footnotes":""},"categories":[1],"tags":[],"class_list":{"0":"post-2143","1":"post","2":"type-post","3":"status-publish","4":"format-standard","5":"has-post-thumbnail","7":"category-area-stampa"},"_links":{"self":[{"href":"https:\/\/www.cislferrara.it\/fr\/wp-json\/wp\/v2\/posts\/2143","targetHints":{"allow":["GET"]}}],"collection":[{"href":"https:\/\/www.cislferrara.it\/fr\/wp-json\/wp\/v2\/posts"}],"about":[{"href":"https:\/\/www.cislferrara.it\/fr\/wp-json\/wp\/v2\/types\/post"}],"author":[{"embeddable":true,"href":"https:\/\/www.cislferrara.it\/fr\/wp-json\/wp\/v2\/users\/3"}],"replies":[{"embeddable":true,"href":"https:\/\/www.cislferrara.it\/fr\/wp-json\/wp\/v2\/comments?post=2143"}],"version-history":[{"count":0,"href":"https:\/\/www.cislferrara.it\/fr\/wp-json\/wp\/v2\/posts\/2143\/revisions"}],"wp:featuredmedia":[{"embeddable":true,"href":"https:\/\/www.cislferrara.it\/fr\/wp-json\/wp\/v2\/media\/2144"}],"wp:attachment":[{"href":"https:\/\/www.cislferrara.it\/fr\/wp-json\/wp\/v2\/media?parent=2143"}],"wp:term":[{"taxonomy":"category","embeddable":true,"href":"https:\/\/www.cislferrara.it\/fr\/wp-json\/wp\/v2\/categories?post=2143"},{"taxonomy":"post_tag","embeddable":true,"href":"https:\/\/www.cislferrara.it\/fr\/wp-json\/wp\/v2\/tags?post=2143"}],"curies":[{"name":"wp","href":"https:\/\/api.w.org\/{rel}","templated":true}]}}