{"id":2084,"date":"2016-02-26T11:07:47","date_gmt":"2016-02-26T10:07:47","guid":{"rendered":"http:\/\/www.cislferrara.it\/?p=2084"},"modified":"2016-02-26T11:07:47","modified_gmt":"2016-02-26T10:07:47","slug":"tper-rinnovo-integrativo-aziendale","status":"publish","type":"post","link":"https:\/\/www.cislferrara.it\/fr\/tper-rinnovo-integrativo-aziendale\/","title":{"rendered":"RENOUVELLEMENT SUPPL\u00c9MENTAIRE DE LA SOCI\u00c9T\u00c9 TPER"},"content":{"rendered":"<p align=\"LEFT\">Si stanno svolgendo a Bologna i primi incontri sul rinnovo dell&#8217; integrativo aziendale con l&#8217; analisi delle richieste avanzate dalle\u00a0organizzazioni sindacali\u00a0e le controproposte aziendali.<\/p>\n<p align=\"LEFT\">In generale l&#8217; atteggiamento aziendale si sta dimostrando di diniego generale, sia per quanto riguarda le richieste riguardanti l&#8217; area bolognese sia per il sempre penalizzato bacino ferrarese. Nello specifico le<\/p>\n<p align=\"LEFT\">risposte aziendali sono state:<\/p>\n<p align=\"LEFT\"><span style=\"font-family: Arial; font-size: medium;\"><span style=\"font-family: Arial; font-size: medium;\">&#8211; PART-TIME: A Ferrara, <\/span><\/span><span style=\"font-family: Arial; font-size: medium;\"><span style=\"font-family: Arial; font-size: medium;\">in conseguenza dell&#8217; esodo incentivato del personale voluto da Tper<\/span><\/span><span style=\"font-family: Arial; font-size: medium;\"><span style=\"font-family: Arial; font-size: medium;\">, non ci <\/span><\/span>sono pi\u00f9 i numeri per attivare il part-time per le persone che lo richiedono da anni. Il riferimento \u00e8 al parttime<\/p>\n<p align=\"LEFT\">verticale in atto presso i depositi esterni del bolognese, con lavoro a tempo pieno durante i mesi invernali e astensione nei mesi estivi. A tale proposito Tper ha affermato di voler rivedere questa formula<\/p>\n<p align=\"LEFT\">anche dove attualmente \u00e8 in uso. A nulla sono valse le osservazioni da noi avanzate sul fatto che diversi autisti con problemi personali che attualmente sono costretti a chiedere aspettativa potrebbero orientarsi<\/p>\n<p align=\"LEFT\">verso questo genere di contratto. Anzi, \u00e8 di questi giorni la notizia che le richieste di aspettativa inoltrate per l&#8217;estate 2016 sono state tutte rifiutate.<\/p>\n<p align=\"LEFT\">&#8211; CONGEDI AZIENDALI: Alla richiesta di attribuzione dei congedi aziendali come previsto dall&#8217; art. 18 A.A. del 03\/08\/1997 l&#8217; Azienda ha risposto di voler addirittura modificare quella parte di normativa aziendale e<\/p>\n<p align=\"LEFT\">seguire lo stesso metodo attuato a Ferrara.<\/p>\n<p align=\"LEFT\">&#8211; COMMISSIONI MEZZI E ORARI E TURNI: Unica risposta parzialmente positiva ma ottenuta senza la presenza del dirigente dell&#8217; officina. Da parte dei presenti all&#8217; incontro \u00e8 stata dimostrata la disponibilit\u00e0 ad<\/p>\n<p align=\"LEFT\">accogliere la richiesta di poter avere anche per Ferrara una commissione mezzi e una per orari e turni.<\/p>\n<p align=\"LEFT\">&#8211; INDENNITA&#8217; DI SPOSTATO RIPOSO: Siccome la parte dell&#8217; integrativo riguardante le retribuzioni di Ferrara \u00e8 stata gi\u00e0 soggetto di armonizzazione e tale indennit\u00e0 non rientra, non pu\u00f2 essere concessa.<\/p>\n<p align=\"LEFT\">Questo nonostante nel nostro territorio sia una pratica a cui si ricorre in misura enormemente superiore a quanto succede a Bologna. C&#8217; \u00e8 invece la disponibilit\u00e0 ad operare come a Bologna nei periodi di<\/p>\n<p align=\"LEFT\">disposizione, chiudendo il servizio a 24 ore anzich\u00e8 48 e corrispondendo l&#8217; indennit\u00e0 di 1\u20ac: ovviamente questo converrebbe all&#8217; azienda limitando la libert\u00e0 degli autisti di gestire la propria vita personale con un<\/p>\n<p align=\"LEFT\">certo anticipo.<\/p>\n<p align=\"LEFT\">&#8211; PUNTEGGI PER TRASFERIMENTO: Secondo Tper questa parte dovrebbe funzionare gi\u00e0 come a Bologna&#8230;<\/p>\n<p align=\"LEFT\">Alla fine di questa disamina l&#8217; Azienda ha ricordato alle OO.SS. che a Ferrara \u00e8 rimasto aperto il nodo del recupero di produttivit\u00e0 e visto che ad ogni proposta di stravolgimento delle turnazioni 4+1 e 6+1 in<\/p>\n<p align=\"LEFT\">passato il personale viaggiante si \u00e8 opposto, Tper avrebbe individuato alcuni ritocchi da operare all&#8217; integrativo attualmente in uso. Si tratterebbe dell&#8217; eliminazione degli 8 minuti da agente unico sui turni<\/p>\n<p align=\"LEFT\">extraurbani ed integrati e togliere gli stessi minuti anche dai tempi accessori dei turni urbani. Inoltre, sempre per l&#8217;area di Ferrara, un ampliamento dei turni con nastro fino a h 11.43 portandoli a 12 ore.<\/p>\n<p align=\"LEFT\">E&#8217; chiaro che questo atteggiamento di chiusura e la volont\u00e0 di continuare ad infierire sul personale viaggiante del bacino ferrarese che secondo questa azienda dovrebbe ripagare le conseguenze di anni di<\/p>\n<p align=\"LEFT\">scelte politiche disastrose, indigna noi per primi. Il discorso verr\u00e0 ripreso il giorno 7 e non mancheremo di tenervi informati.<\/p>\n<p align=\"LEFT\">A margine informiamo sull&#8217; esito del recente incontro sulla viabilit\u00e0 avuto in Comune, presenti rappresentanti di Ami.<\/p>\n<p align=\"LEFT\">Per la questione dei bus piccoli sulla linea 11 che incontrano giornalmente problemi di sovraccarico, si tratter\u00e0 prossimamante di decidere se mettere in servizio bus 12 m nuovi ed ecologici richiesti dal Comune<\/p>\n<p align=\"LEFT\">oppure mantenere i bus piccoli ma aumentarne la frequenza.<\/p>\n<p align=\"LEFT\">Per la preferenziazione semaforica in citt\u00e0 si avvier\u00e0 a breve la sperimentazione del sistema Gim gi\u00e0 utilizzato a Granarolo, nelle vie Canapa, Porta catena, Bacchelli, che dovrebbe migliorare la circolazione<\/p>\n<p align=\"LEFT\">dei bus. A seguire si passer\u00e0 ad estenderlo a Porta Romana e via via a zone pi\u00f9 ampie. Pare per\u00f2 esista qualche difficolt\u00e0 sulle strade percorse da pi\u00f9 linee.<\/p>\n<p align=\"LEFT\">Abbiamo inoltre finalmente ricevuto parere positivo alla richiesta Fit di avere dei nostri ausiliari del traffico in servizio sulle strade. L&#8217; assessore si \u00e8 dimostrato interessato e ha chiesto a Tper di avere informazioni<\/p>\n<p align=\"LEFT\">su come funzioni il sistema a Bologna per eventualmente replicarlo. Confidiamo nella fattibilit\u00e0 del progetto, che potrebbe sia funzionare da deterrente contro la sosta selvaggia sulle fermate e preferenziali, una volta<\/p>\n<p align=\"LEFT\">avviato, sia essere un eventuale sbocco per inidonei.<\/p>\n<p align=\"LEFT\">Ribadendo l&#8217; annoso problema delle fermate bus di dimensioni ridotte, per il quale la Fit ha promosso lo scorso anno l&#8217; invio di un esposto unitario rivolto anche al Prefetto, ci \u00e8 stato richiesto di nuovo, dopo<\/p>\n<p align=\"LEFT\">averlo gi\u00e0 fornito pi\u00f9 volte in passato, il dettaglio delle problematiche da affrontare. Ci \u00e8 stata presentata difficoltosa la risoluzione di casi in cui occorra investire denaro, ma forse abbiamo speranze dove \u00e8<\/p>\n<p align=\"LEFT\">sufficiente un po&#8217; di vernice&#8230;<\/p>\n<p align=\"LEFT\">Vi ricordiamo i prossimi incontri sull&#8217; integrativo aziendale che saranno:<\/p>\n<p align=\"LEFT\">&#8211; 29\/02 sul ferroviario;<\/p>\n<p align=\"LEFT\">&#8211; 02\/03 sulla manutenzione;<\/p>\n<p align=\"LEFT\">&#8211; 03\/03 sul bacino di Bologna;<\/p>\n<p>&#8211; 07\/03 sul bacino di Ferrara.<\/p>\n<p>&nbsp; <\/p>","protected":false},"excerpt":{"rendered":"<p>Si stanno svolgendo a Bologna i primi incontri sul rinnovo dell&#8217; integrativo aziendale con l&#8217; analisi delle richieste avanzate dalle\u00a0organizzazioni sindacali\u00a0e le controproposte aziendali. In generale l&#8217; atteggiamento aziendale si&#8230;<\/p>","protected":false},"author":3,"featured_media":1422,"comment_status":"closed","ping_status":"closed","sticky":false,"template":"","format":"standard","meta":{"footnotes":""},"categories":[1],"tags":[],"class_list":{"0":"post-2084","1":"post","2":"type-post","3":"status-publish","4":"format-standard","5":"has-post-thumbnail","7":"category-area-stampa"},"_links":{"self":[{"href":"https:\/\/www.cislferrara.it\/fr\/wp-json\/wp\/v2\/posts\/2084","targetHints":{"allow":["GET"]}}],"collection":[{"href":"https:\/\/www.cislferrara.it\/fr\/wp-json\/wp\/v2\/posts"}],"about":[{"href":"https:\/\/www.cislferrara.it\/fr\/wp-json\/wp\/v2\/types\/post"}],"author":[{"embeddable":true,"href":"https:\/\/www.cislferrara.it\/fr\/wp-json\/wp\/v2\/users\/3"}],"replies":[{"embeddable":true,"href":"https:\/\/www.cislferrara.it\/fr\/wp-json\/wp\/v2\/comments?post=2084"}],"version-history":[{"count":0,"href":"https:\/\/www.cislferrara.it\/fr\/wp-json\/wp\/v2\/posts\/2084\/revisions"}],"wp:featuredmedia":[{"embeddable":true,"href":"https:\/\/www.cislferrara.it\/fr\/wp-json\/wp\/v2\/media\/1422"}],"wp:attachment":[{"href":"https:\/\/www.cislferrara.it\/fr\/wp-json\/wp\/v2\/media?parent=2084"}],"wp:term":[{"taxonomy":"category","embeddable":true,"href":"https:\/\/www.cislferrara.it\/fr\/wp-json\/wp\/v2\/categories?post=2084"},{"taxonomy":"post_tag","embeddable":true,"href":"https:\/\/www.cislferrara.it\/fr\/wp-json\/wp\/v2\/tags?post=2084"}],"curies":[{"name":"wp","href":"https:\/\/api.w.org\/{rel}","templated":true}]}}