{"id":2081,"date":"2018-02-20T16:29:02","date_gmt":"2018-02-20T15:29:02","guid":{"rendered":"http:\/\/www.cislferrara.it\/?p=2081"},"modified":"2018-02-21T15:21:48","modified_gmt":"2018-02-21T14:21:48","slug":"e-tempo-di-dichiarazione-dei-redditi","status":"publish","type":"post","link":"https:\/\/www.cislferrara.it\/fr\/e-tempo-di-dichiarazione-dei-redditi\/","title":{"rendered":"C&#039;est la p\u00e9riode de la d\u00e9claration d&#039;imp\u00f4ts..."},"content":{"rendered":"<p align=\"LEFT\">C&#039;est la p\u00e9riode de la d\u00e9claration d&#039;imp\u00f4ts...<\/p>\n<p align=\"LEFT\">Prenez rendez-vous !<\/p>\n<p align=\"LEFT\">S\u00e9curisez votre 730, venez au Caf Cisl !<\/p>\n<p align=\"LEFT\"><span style=\"font-size: small;\">Gr\u00e2ce au service Prendre rendez-vous <\/span><b><span style=\"color: #dd0000; font-size: small;\"><span style=\"color: #dd0000; font-size: small;\">EN LIGNE<\/span><\/span><\/b><span style=\"font-size: small;\"> ou via <\/span><b><span style=\"color: #006600; font-size: small;\"><span style=\"color: #006600; font-size: small;\">NUM\u00c9RO GRATUIT<\/span><\/span><\/b><span style=\"font-size: small;\"> il est possible de prendre rendez-vous avec le bureau de la Caf <\/span><\/p>\n<p>La succursale CISL la plus proche de chez vous pour vous aider \u00e0 remplir votre d\u00e9claration de revenus.<\/p>\n<p>&nbsp;<\/p>\n<p align=\"LEFT\">Prendre rendez-vous EN LIGNE<\/p>\n<p align=\"LEFT\">Mode d&#039;emploi<\/p>\n<p align=\"LEFT\"><span style=\"color: #dd0000; font-size: large;\"><span style=\"color: #dd0000; font-size: large;\">Gr\u00e2ce au service\u00a0<\/span><\/span><a href=\"http:\/\/planner.cafcisl.it\/online\/env.php\/frontend\/main\/index\/zero\/1\"><span style=\"text-decoration: underline;\"><span style=\"color: #0000ff; font-size: large;\"><span style=\"color: #0000ff; font-size: large;\">Prendre rendez-vous<\/span><\/span><\/span><\/a><span style=\"color: #dd0000; font-size: large;\"><span style=\"color: #dd0000; font-size: large;\">\u00a0\u00e0 l&#039;adresse <\/span><\/span><b><span style=\"color: #dd0000; font-family: Arial; font-size: xx-large;\"><span style=\"color: #dd0000; font-family: Arial; font-size: xx-large;\"><span style=\"color: #dd0000; font-family: Arial; font-size: xx-large;\">http:\/\/prenotazioni.cisl.it\/online<\/span><\/span><\/span><\/b> <span style=\"color: #dd0000; font-size: large;\"><span style=\"color: #dd0000; font-size: large;\">Il est possible de prendre rendez-vous avec le bureau CAF Cisl le plus proche de chez vous pour b\u00e9n\u00e9ficier d&#039;une assistance pour remplir votre d\u00e9claration de revenus (<\/span><\/span><a href=\"http:\/\/www.cafcisl.it\/730.cfm\"><span style=\"color: #0000ff; font-size: large;\"><span style=\"color: #0000ff; font-size: large;\">Mod\u00e8le 730<\/span><\/span><\/a><span style=\"color: #dd0000; font-size: large;\"><span style=\"color: #dd0000; font-size: large;\">,\u00a0<\/span><\/span><a href=\"http:\/\/www.cafcisl.it\/730_chi.cfm\"><span style=\"color: #0000ff; font-size: large;\"><span style=\"color: #0000ff; font-size: large;\">730 joint<\/span><\/span><\/a><span style=\"color: #dd0000; font-size: large;\"><span style=\"color: #dd0000; font-size: large;\">).<\/span><\/span><\/p>\n<p align=\"LEFT\"><span style=\"color: #dd0000; font-family: Times New Roman; font-size: large;\"><span style=\"color: #dd0000; font-family: Times New Roman; font-size: large;\"><span style=\"color: #dd0000; font-family: Times New Roman; font-size: large;\">\u00a0<\/span><\/span><\/span><span style=\"color: #dd0000; font-size: large;\"><span style=\"color: #dd0000; font-size: large;\">Cliquez sur la province \u00e0 laquelle vous appartenez : <\/span><\/span><b><span style=\"text-decoration: underline;\"><span style=\"color: #ff0000; font-family: Arimo; font-size: xx-small;\"><span style=\"color: #ff0000; font-family: Arimo; font-size: xx-small;\"><span style=\"color: #ff0000; font-family: Arimo; font-size: xx-small;\">DANS LA RUBRIQUE EMPLACEMENTS VOUS TROUVEREZ TOUTES NOS COORDONN\u00c9ES POUR PRENDRE RENDEZ-VOUS<\/span><\/span><\/span><\/span><\/b><\/p>\n<p align=\"LEFT\"><span style=\"color: #dd0000; font-family: Times New Roman; font-size: large;\"><span style=\"color: #dd0000; font-family: Times New Roman; font-size: large;\"><span style=\"color: #dd0000; font-family: Times New Roman; font-size: large;\">\u2013\u00a0<\/span><\/span><\/span><a href=\"http:\/\/planner.cafcisl.it\/online\/env.php\/frontend\/main\/page2\/prov\/47\"><span style=\"color: #0000ff; font-family: Times New Roman; font-size: large;\"><span style=\"color: #0000ff; font-family: Times New Roman; font-size: large;\"><span style=\"color: #0000ff; font-family: Times New Roman; font-size: large;\">Province de Ferrare<\/span><\/span><\/span><\/a><\/p>\n<p align=\"LEFT\">Prenez rendez-vous VIA UN NUM\u00c9RO GRATUIT<\/p>\n<p align=\"LEFT\">Mode d&#039;emploi<\/p>\n<p align=\"LEFT\"><span style=\"color: #006600; font-family: Arial; font-size: large;\"><span style=\"color: #006600; font-family: Arial; font-size: large;\"><span style=\"color: #006600; font-family: Arial; font-size: large;\">Composer le <\/span><\/span><\/span><b><span style=\"color: #006600; font-family: Arial; font-size: xx-large;\"><span style=\"color: #006600; font-family: Arial; font-size: xx-large;\"><span style=\"color: #006600; font-family: Arial; font-size: xx-large;\">NUM\u00c9RO GRATUIT<\/span><\/span><\/span><\/b> <b><span style=\"color: #006600; font-family: Arial; font-size: xx-large;\"><span style=\"color: #006600; font-family: Arial; font-size: xx-large;\"><span style=\"color: #006600; font-family: Arial; font-size: xx-large;\">800.800.730<\/span><\/span><\/span><\/b><span style=\"color: #006600; font-family: Arial; font-size: large;\"><span style=\"color: #006600; font-family: Arial; font-size: large;\"><span style=\"color: #006600; font-family: Arial; font-size: large;\"> La prise de rendez-vous pour le service est gratuite, aussi bien depuis un t\u00e9l\u00e9phone fixe que depuis un t\u00e9l\u00e9phone portable, gr\u00e2ce \u00e0 l&#039;assistance du centre d&#039;appels CAF-CISL NAZIONALE. <b>730\/2018 <\/b><\/span><\/span><\/span><span style=\"font-family: Arial; font-size: small;\"><span style=\"font-family: Arial; font-size: small;\">et vous recevrez un e-mail de prenotaonline@cisl.com avec un rappel <\/span><\/span>du rendez-vous et, d&#039;un simple clic, vous pourrez ensuite confirmer la r\u00e9servation.<\/p>","protected":false},"excerpt":{"rendered":"<p>C&#039;est la p\u00e9riode de la d\u00e9claration de revenus\u2026 Prenez rendez-vous\u00a0! Procurez-vous votre formulaire 730 en vous rendant au CAF Cisl\u00a0! Utilisez le service \u00ab\u00a0Prendre rendez-vous en ligne\u00a0\u00bb ou\u2026<\/p>","protected":false},"author":3,"featured_media":2082,"comment_status":"closed","ping_status":"closed","sticky":false,"template":"","format":"standard","meta":{"footnotes":""},"categories":[24,19],"tags":[],"class_list":{"0":"post-2081","1":"post","2":"type-post","3":"status-publish","4":"format-standard","5":"has-post-thumbnail","7":"category-avvisi","8":"category-cisl-ferrara"},"_links":{"self":[{"href":"https:\/\/www.cislferrara.it\/fr\/wp-json\/wp\/v2\/posts\/2081","targetHints":{"allow":["GET"]}}],"collection":[{"href":"https:\/\/www.cislferrara.it\/fr\/wp-json\/wp\/v2\/posts"}],"about":[{"href":"https:\/\/www.cislferrara.it\/fr\/wp-json\/wp\/v2\/types\/post"}],"author":[{"embeddable":true,"href":"https:\/\/www.cislferrara.it\/fr\/wp-json\/wp\/v2\/users\/3"}],"replies":[{"embeddable":true,"href":"https:\/\/www.cislferrara.it\/fr\/wp-json\/wp\/v2\/comments?post=2081"}],"version-history":[{"count":0,"href":"https:\/\/www.cislferrara.it\/fr\/wp-json\/wp\/v2\/posts\/2081\/revisions"}],"wp:featuredmedia":[{"embeddable":true,"href":"https:\/\/www.cislferrara.it\/fr\/wp-json\/wp\/v2\/media\/2082"}],"wp:attachment":[{"href":"https:\/\/www.cislferrara.it\/fr\/wp-json\/wp\/v2\/media?parent=2081"}],"wp:term":[{"taxonomy":"category","embeddable":true,"href":"https:\/\/www.cislferrara.it\/fr\/wp-json\/wp\/v2\/categories?post=2081"},{"taxonomy":"post_tag","embeddable":true,"href":"https:\/\/www.cislferrara.it\/fr\/wp-json\/wp\/v2\/tags?post=2081"}],"curies":[{"name":"wp","href":"https:\/\/api.w.org\/{rel}","templated":true}]}}