{"id":2077,"date":"2016-02-12T12:45:42","date_gmt":"2016-02-12T11:45:42","guid":{"rendered":"http:\/\/www.cislferrara.it\/?p=2077"},"modified":"2016-02-12T12:45:55","modified_gmt":"2016-02-12T11:45:55","slug":"cona-parcheggi-a-pagamento-un-extra-ticket-per-i-piu-deboli","status":"publish","type":"post","link":"https:\/\/www.cislferrara.it\/fr\/cona-parcheggi-a-pagamento-un-extra-ticket-per-i-piu-deboli\/","title":{"rendered":"Cona : stationnement payant, un ticket suppl\u00e9mentaire pour les plus faibles"},"content":{"rendered":"<p class=\"western\" align=\"justify\"><span style=\"font-family: Calibri, sans-serif;\">Les syndicats de retrait\u00e9s ont exprim\u00e9 leur vive opposition \u00e0 l&#039;introduction du stationnement payant \u00e0 l&#039;h\u00f4pital Sant&#039;Anna de Cona.<\/span><\/p>\n<p class=\"western\" align=\"justify\"><span style=\"font-family: Calibri, sans-serif;\">L&#039;utilisation de la voiture est pratiquement une obligation pour les usagers des installations, car il n&#039;existe aucune autre option d&#039;acc\u00e8s viable, comme d&#039;autres parkings \u00e0 proximit\u00e9, tandis que les services de bus publics sont gravement insuffisants et qu&#039;aucun m\u00e9tro de surface n&#039;est pr\u00e9vu.<\/span><\/p>\n<p class=\"western\" align=\"justify\"><span style=\"font-family: Calibri, sans-serif;\">Les personnes se rendant \u00e0 Cona en voiture ne devraient absolument pas avoir \u00e0 supporter de frais suppl\u00e9mentaires, plus ou moins importants, dus \u00e0 l&#039;absence ou au mauvais fonctionnement des transports en commun. Ces frais pourraient m\u00eame les emp\u00eacher d&#039;acc\u00e9der aux services de sant\u00e9.<\/span><\/p>\n<p class=\"western\" align=\"justify\"><span style=\"font-family: Calibri, sans-serif;\">Tout cela \u00e9quivaut \u00e0 une nouvelle redevance, appliqu\u00e9e \u00e0 des segments d&#039;usagers, notamment les personnes \u00e2g\u00e9es, qui ont d\u00e9j\u00e0 \u00e9t\u00e9 p\u00e9nalis\u00e9es par le d\u00e9m\u00e9nagement de l&#039;h\u00f4pital, lequel a entra\u00een\u00e9 un recours fr\u00e9quent et co\u00fbteux \u00e0 la voiture individuelle.<\/span><\/p>\n<p class=\"western\" align=\"justify\"><span style=\"font-family: Calibri, sans-serif;\">Nous estimons que les maires et les administrations publiques doivent intervenir pour \u00e9viter que leurs concitoyens ne subissent cette nouvelle sanction.<\/span><\/p>","protected":false},"excerpt":{"rendered":"<p>I sindacati dei pensionati esprimono la loro forte contrariet\u00e0 all&#8217;introduzione dei parcheggi a pagamento nell&#8217;ospedale S. Anna di Cona. L&#8217;utilizzo dell&#8217;auto \u00e8 praticamente una scelta obbligata per gli utenti della&#8230;<\/p>","protected":false},"author":3,"featured_media":2078,"comment_status":"closed","ping_status":"closed","sticky":false,"template":"","format":"standard","meta":{"footnotes":""},"categories":[1,19,16],"tags":[],"class_list":{"0":"post-2077","1":"post","2":"type-post","3":"status-publish","4":"format-standard","5":"has-post-thumbnail","7":"category-area-stampa","8":"category-cisl-ferrara","9":"category-fnp"},"_links":{"self":[{"href":"https:\/\/www.cislferrara.it\/fr\/wp-json\/wp\/v2\/posts\/2077","targetHints":{"allow":["GET"]}}],"collection":[{"href":"https:\/\/www.cislferrara.it\/fr\/wp-json\/wp\/v2\/posts"}],"about":[{"href":"https:\/\/www.cislferrara.it\/fr\/wp-json\/wp\/v2\/types\/post"}],"author":[{"embeddable":true,"href":"https:\/\/www.cislferrara.it\/fr\/wp-json\/wp\/v2\/users\/3"}],"replies":[{"embeddable":true,"href":"https:\/\/www.cislferrara.it\/fr\/wp-json\/wp\/v2\/comments?post=2077"}],"version-history":[{"count":0,"href":"https:\/\/www.cislferrara.it\/fr\/wp-json\/wp\/v2\/posts\/2077\/revisions"}],"wp:featuredmedia":[{"embeddable":true,"href":"https:\/\/www.cislferrara.it\/fr\/wp-json\/wp\/v2\/media\/2078"}],"wp:attachment":[{"href":"https:\/\/www.cislferrara.it\/fr\/wp-json\/wp\/v2\/media?parent=2077"}],"wp:term":[{"taxonomy":"category","embeddable":true,"href":"https:\/\/www.cislferrara.it\/fr\/wp-json\/wp\/v2\/categories?post=2077"},{"taxonomy":"post_tag","embeddable":true,"href":"https:\/\/www.cislferrara.it\/fr\/wp-json\/wp\/v2\/tags?post=2077"}],"curies":[{"name":"wp","href":"https:\/\/api.w.org\/{rel}","templated":true}]}}