{"id":2069,"date":"2016-02-11T21:18:19","date_gmt":"2016-02-11T20:18:19","guid":{"rendered":"http:\/\/www.cislferrara.it\/?p=2069"},"modified":"2016-03-14T10:30:03","modified_gmt":"2016-03-14T09:30:03","slug":"corso-di-preparazione-per-il-bando-docenti-2016","status":"publish","type":"post","link":"https:\/\/www.cislferrara.it\/fr\/corso-di-preparazione-per-il-bando-docenti-2016\/","title":{"rendered":"Cours de pr\u00e9paration au concours d&#039;enseignants 2016"},"content":{"rendered":"<p>\u00c0 l&#039;approche de l&#039;annonce du concours d&#039;enseignants 2016, la Cisl Scuola di Ferrara, en collaboration avec l&#039;IRSEF-IRFED, organisme de formation reconnu par le MIUR, a \u00e9labor\u00e9 sa propre offre de formation destin\u00e9e aux \u00e9tudiants inscrits ou souhaitant s&#039;inscrire. Les personnes int\u00e9ress\u00e9es peuvent s&#039;inscrire au plus tard le 25 f\u00e9vrier 2016. Une attestation de participation IRSEF-IRFED sera d\u00e9livr\u00e9e \u00e0 la fin de chaque module. La formation comprend 8 cours magistraux couvrant les sujets d\u00e9finis dans les Avertissements g\u00e9n\u00e9raux pour la r\u00e9ussite de l&#039;\u00e9preuve \u00e9crite, \u00e0 l&#039;issue desquels une attestation de participation IRSEF-IRFED sera d\u00e9livr\u00e9e. La formation respecte scrupuleusement le programme minist\u00e9riel. Les cours auront lieu les samedis matins et les jeudis apr\u00e8s-midi \u00e0 partir de mars, selon le calendrier ci-joint. Ils seront dispens\u00e9s par des directeurs d&#039;\u00e9cole de notre province et par des enseignants experts dans leurs domaines respectifs. La formation s&#039;adresse \u00e0 tous les enseignants de tous niveaux titulaires d&#039;un dipl\u00f4me d&#039;enseignement, y compris ceux titulaires d&#039;un dipl\u00f4me d&#039;enseignement de 2001\/2002. En plus des cours magistraux, nos \u00e9tudiants recevront un code d&#039;acc\u00e8s \u00e0 la plateforme en ligne qui les accompagnera dans leur pr\u00e9paration \u00e0 l&#039;\u00e9preuve \u00e9crite du prochain concours d&#039;enseignement. L&#039;\u00e9preuve \u00e9crite devant comporter 8 questions ouvertes, dont deux en langues \u00e9trang\u00e8res (pour l&#039;\u00e9cole primaire, les questions en langues \u00e9trang\u00e8res seront en anglais), avec une dur\u00e9e totale de 150 minutes, le produit que nous proposons comprendra\u00a0: \u2013 une premi\u00e8re section de tests\/questions proposant des questions individuelles de r\u00e9ponse courte (dans l&#039;espace correspondant \u00e0 un nombre de caract\u00e8res clairement indiqu\u00e9), avec une troncature de la r\u00e9ponse \u00e0 la fin du temps imparti (limit\u00e9) et\/ou lorsque le nombre de caract\u00e8res disponibles est d\u00e9pass\u00e9. \u00c0 la fin de l&#039;exercice, cette section permettra d&#039;obtenir une r\u00e9ponse pr\u00e9cise de nos experts avec laquelle l&#039;utilisateur comparera son propre travail\u00a0; \u2013 une deuxi\u00e8me section de tests\/questions \u00e0 choix multiples (avec une seule r\u00e9ponse valide) permettant \u00e0 l&#039;utilisateur de conna\u00eetre son niveau de pr\u00e9paration sur les diff\u00e9rents sujets (non disciplinaires) de la partie g\u00e9n\u00e9rale du programme\u00a0; \u2013 une troisi\u00e8me section avec des QCM (avec une seule r\u00e9ponse valide) permettant \u00e0 l&#039;utilisateur de se rendre compte de son niveau de pr\u00e9paration en langue \u00e9trang\u00e8re\u00a0; \u2013 une quatri\u00e8me section avec des QCM (avec une seule r\u00e9ponse valide) portant sur la logique et la compr\u00e9hension de texte. Une section suppl\u00e9mentaire de documentation r\u00e9serv\u00e9e est \u00e9galement pr\u00e9vue, o\u00f9 seront ins\u00e9r\u00e9s les documents des intervenants. <a href=\"http:\/\/www.cislferrara.it\/wp-content\/uploads\/2016\/02\/SCHEDA-ISCRIZIONE-CORSO-CONCORSO.pdf\">T\u00c9L\u00c9CHARGER LE FORMULAIRE D&#039;INSCRIPTION<\/a><\/p>\n<p><a href=\"http:\/\/www.cislferrara.it\/wp-content\/uploads\/2016\/03\/CALENDARIO-CORSO-CONCORSO-2016-OK.pdf\">T\u00c9L\u00c9CHARGER LE CALENDRIER<\/a> <\/p>","protected":false},"excerpt":{"rendered":"<p>\u00c0 l&#039;approche de l&#039;annonce du concours d&#039;enseignants 2016, la Cisl Scuola di Ferrara, en collaboration avec l&#039;IRSEF-IRFED, un organisme de formation reconnu par le MIUR, a pr\u00e9par\u00e9 sa propre proposition\u2026<\/p>","protected":false},"author":3,"featured_media":2072,"comment_status":"closed","ping_status":"closed","sticky":false,"template":"","format":"standard","meta":{"footnotes":""},"categories":[19,11],"tags":[],"class_list":{"0":"post-2069","1":"post","2":"type-post","3":"status-publish","4":"format-standard","5":"has-post-thumbnail","7":"category-cisl-ferrara","8":"category-scuola"},"_links":{"self":[{"href":"https:\/\/www.cislferrara.it\/fr\/wp-json\/wp\/v2\/posts\/2069","targetHints":{"allow":["GET"]}}],"collection":[{"href":"https:\/\/www.cislferrara.it\/fr\/wp-json\/wp\/v2\/posts"}],"about":[{"href":"https:\/\/www.cislferrara.it\/fr\/wp-json\/wp\/v2\/types\/post"}],"author":[{"embeddable":true,"href":"https:\/\/www.cislferrara.it\/fr\/wp-json\/wp\/v2\/users\/3"}],"replies":[{"embeddable":true,"href":"https:\/\/www.cislferrara.it\/fr\/wp-json\/wp\/v2\/comments?post=2069"}],"version-history":[{"count":0,"href":"https:\/\/www.cislferrara.it\/fr\/wp-json\/wp\/v2\/posts\/2069\/revisions"}],"wp:featuredmedia":[{"embeddable":true,"href":"https:\/\/www.cislferrara.it\/fr\/wp-json\/wp\/v2\/media\/2072"}],"wp:attachment":[{"href":"https:\/\/www.cislferrara.it\/fr\/wp-json\/wp\/v2\/media?parent=2069"}],"wp:term":[{"taxonomy":"category","embeddable":true,"href":"https:\/\/www.cislferrara.it\/fr\/wp-json\/wp\/v2\/categories?post=2069"},{"taxonomy":"post_tag","embeddable":true,"href":"https:\/\/www.cislferrara.it\/fr\/wp-json\/wp\/v2\/tags?post=2069"}],"curies":[{"name":"wp","href":"https:\/\/api.w.org\/{rel}","templated":true}]}}