{"id":1996,"date":"2015-11-24T16:04:10","date_gmt":"2015-11-24T15:04:10","guid":{"rendered":"http:\/\/www.cislferrara.it\/?p=1996"},"modified":"2015-11-24T16:04:10","modified_gmt":"2015-11-24T15:04:10","slug":"adiconsum-federconsumatori-e-adoc-contro-la-contraffazione-alimentare-dellabbigliamento-e-degli-accessori","status":"publish","type":"post","link":"https:\/\/www.cislferrara.it\/fr\/adiconsum-federconsumatori-e-adoc-contro-la-contraffazione-alimentare-dellabbigliamento-e-degli-accessori\/","title":{"rendered":"Adiconsum, Federconsumatori et Adoc luttent contre la contrefa\u00e7on de produits alimentaires, de v\u00eatements et d&#039;accessoires."},"content":{"rendered":"<p>La s\u00e9rie \u00ab Contrefa\u00e7on de produits alimentaires, de v\u00eatements et d&#039;accessoires \u00bb commence demain.<br \/>\nLes \u00e9v\u00e9nements d\u00e9buteront demain \u00e0 Codigoro de 9h30 \u00e0 12h30 \u00e0 l&#039;auditorium Sant&#039;Eurosia ; ils se poursuivront \u00e0 Cento le 27 novembre, \u00e9galement de 9h30 \u00e0 12h30 au Palazzo del Governatore ; et ils se concluront le 11 d\u00e9cembre, de 9h30 \u00e0 12h30, par la r\u00e9union finale \u00e0 la Chambre de commerce de Ferrare.<\/p>\n<p>L&#039;objectif de ces r\u00e9unions est de sensibiliser le public \u00e0 la contrefa\u00e7on et aux moyens de la combattre.<\/p>\n<p>Les citoyens doivent \u00eatre consid\u00e9r\u00e9s comme des consommateurs, et non comme de simples clients pr\u00eats \u00e0 acheter. Il est essentiel d&#039;\u00e9duquer les consommateurs \u00e0 la consommation, car consommer est en soi un processus d&#039;apprentissage. Je suis convaincu que l&#039;une des missions des associations de consommateurs est pr\u00e9cis\u00e9ment de sensibiliser les consommateurs par l&#039;\u00e9ducation et l&#039;information, car ce sont eux qui ont le pouvoir de choisir et qui font la diff\u00e9rence.<\/p>\n<p>La contrefa\u00e7on et le commerce ill\u00e9gal sont des activit\u00e9s criminelles ; tr\u00e8s souvent, cette prise de conscience fait d\u00e9faut, ce qui nuit non seulement au consommateur final, mais aussi \u00e0 ceux qui exercent une activit\u00e9 commerciale l\u00e9gale.<\/p>\n<p>Les strat\u00e9gies d\u2019autoprotection des consommateurs commencent par une prise de conscience de ces pouvoirs et une connaissance des produits et du march\u00e9. <\/p>","protected":false},"excerpt":{"rendered":"<p>Prende avvio domani il ciclo &#8220;La contraffazione alimentare, dell&#8217;abbigliamento e degli accessori&#8221;. Gli eventi si terranno a partire dalla giornata di domani a Codigoro dalle 9,30 alle 12,30 presso l&#8217;auditorium&#8230;<\/p>","protected":false},"author":3,"featured_media":1998,"comment_status":"closed","ping_status":"closed","sticky":false,"template":"","format":"standard","meta":{"footnotes":""},"categories":[19],"tags":[],"class_list":{"0":"post-1996","1":"post","2":"type-post","3":"status-publish","4":"format-standard","5":"has-post-thumbnail","7":"category-cisl-ferrara"},"_links":{"self":[{"href":"https:\/\/www.cislferrara.it\/fr\/wp-json\/wp\/v2\/posts\/1996","targetHints":{"allow":["GET"]}}],"collection":[{"href":"https:\/\/www.cislferrara.it\/fr\/wp-json\/wp\/v2\/posts"}],"about":[{"href":"https:\/\/www.cislferrara.it\/fr\/wp-json\/wp\/v2\/types\/post"}],"author":[{"embeddable":true,"href":"https:\/\/www.cislferrara.it\/fr\/wp-json\/wp\/v2\/users\/3"}],"replies":[{"embeddable":true,"href":"https:\/\/www.cislferrara.it\/fr\/wp-json\/wp\/v2\/comments?post=1996"}],"version-history":[{"count":0,"href":"https:\/\/www.cislferrara.it\/fr\/wp-json\/wp\/v2\/posts\/1996\/revisions"}],"wp:featuredmedia":[{"embeddable":true,"href":"https:\/\/www.cislferrara.it\/fr\/wp-json\/wp\/v2\/media\/1998"}],"wp:attachment":[{"href":"https:\/\/www.cislferrara.it\/fr\/wp-json\/wp\/v2\/media?parent=1996"}],"wp:term":[{"taxonomy":"category","embeddable":true,"href":"https:\/\/www.cislferrara.it\/fr\/wp-json\/wp\/v2\/categories?post=1996"},{"taxonomy":"post_tag","embeddable":true,"href":"https:\/\/www.cislferrara.it\/fr\/wp-json\/wp\/v2\/tags?post=1996"}],"curies":[{"name":"wp","href":"https:\/\/api.w.org\/{rel}","templated":true}]}}