{"id":1991,"date":"2015-11-13T12:02:08","date_gmt":"2015-11-13T11:02:08","guid":{"rendered":"http:\/\/www.cislferrara.it\/?p=1991"},"modified":"2015-11-13T12:02:08","modified_gmt":"2015-11-13T11:02:08","slug":"fnp-sul-caso-renazzo-occorre-piu-controllo-e-piu-aggregazione-sociale","status":"publish","type":"post","link":"https:\/\/www.cislferrara.it\/fr\/fnp-sul-caso-renazzo-occorre-piu-controllo-e-piu-aggregazione-sociale\/","title":{"rendered":"FNP \u00e0 propos de l&#039;affaire Renazzo\u00a0: \u00ab\u00a0Il faut plus de contr\u00f4le et une plus grande agr\u00e9gation sociale.\u00a0\u00bb"},"content":{"rendered":"<p>Suite \u00e0 l&#039;acte de violence sans pr\u00e9c\u00e9dent qui a co\u00fbt\u00e9 la vie \u00e0 la retrait\u00e9e Cloe Govoni et gri\u00e8vement bless\u00e9 sa belle-fille, le FNP CISL de Ferrare exprime sa profonde inqui\u00e9tude face \u00e0 cet incident survenu dans un quartier r\u00e9put\u00e9 paisible. Par le pass\u00e9, en collaboration avec Adiconsum, nous avons men\u00e9 des actions de lutte contre la fraude, incitant les retrait\u00e9s \u00e0 redoubler de vigilance face aux cambrioleurs. Malheureusement, les agressions et les vols visant les personnes \u00e2g\u00e9es persistent quotidiennement. Les r\u00e9cents incidents violents \u00e0 Renazzo nous obligent \u00e0 redoubler de vigilance. Il ne suffira pas d&#039;exiger, comme nous le ferons, un renforcement de la pr\u00e9sence de l&#039;\u00c9tat (municipalit\u00e9 et forces de l&#039;ordre) dans ce vaste territoire dens\u00e9ment peupl\u00e9, aux innombrables habitations dispers\u00e9es\u00a0; il sera indispensable de pr\u00e9venir et de dissuader les actes de violence et les atteintes \u00e0 la personne. Par cons\u00e9quent, outre le signalement de tout \u00e9v\u00e9nement inhabituel aux forces de l&#039;ordre, nous devons \u00e9galement \u0153uvrer au r\u00e9tablissement de relations de bon voisinage, \u00e0 l&#039;entraide et au partage d&#039;informations. <\/p>","protected":false},"excerpt":{"rendered":"<p>La FNP CISL di Ferrara, a fronte dell&#8217;inaudito atto di violenza scaturito con la morte della pensionata Govoni Cloe e del grave ferimento della nuora, esprime viva preoccupazione sull&#8217;accaduto in&#8230;<\/p>","protected":false},"author":3,"featured_media":1992,"comment_status":"closed","ping_status":"closed","sticky":false,"template":"","format":"standard","meta":{"footnotes":""},"categories":[19,16],"tags":[],"class_list":{"0":"post-1991","1":"post","2":"type-post","3":"status-publish","4":"format-standard","5":"has-post-thumbnail","7":"category-cisl-ferrara","8":"category-fnp"},"_links":{"self":[{"href":"https:\/\/www.cislferrara.it\/fr\/wp-json\/wp\/v2\/posts\/1991","targetHints":{"allow":["GET"]}}],"collection":[{"href":"https:\/\/www.cislferrara.it\/fr\/wp-json\/wp\/v2\/posts"}],"about":[{"href":"https:\/\/www.cislferrara.it\/fr\/wp-json\/wp\/v2\/types\/post"}],"author":[{"embeddable":true,"href":"https:\/\/www.cislferrara.it\/fr\/wp-json\/wp\/v2\/users\/3"}],"replies":[{"embeddable":true,"href":"https:\/\/www.cislferrara.it\/fr\/wp-json\/wp\/v2\/comments?post=1991"}],"version-history":[{"count":0,"href":"https:\/\/www.cislferrara.it\/fr\/wp-json\/wp\/v2\/posts\/1991\/revisions"}],"wp:featuredmedia":[{"embeddable":true,"href":"https:\/\/www.cislferrara.it\/fr\/wp-json\/wp\/v2\/media\/1992"}],"wp:attachment":[{"href":"https:\/\/www.cislferrara.it\/fr\/wp-json\/wp\/v2\/media?parent=1991"}],"wp:term":[{"taxonomy":"category","embeddable":true,"href":"https:\/\/www.cislferrara.it\/fr\/wp-json\/wp\/v2\/categories?post=1991"},{"taxonomy":"post_tag","embeddable":true,"href":"https:\/\/www.cislferrara.it\/fr\/wp-json\/wp\/v2\/tags?post=1991"}],"curies":[{"name":"wp","href":"https:\/\/api.w.org\/{rel}","templated":true}]}}