{"id":1986,"date":"2015-11-11T13:08:47","date_gmt":"2015-11-11T12:08:47","guid":{"rendered":"http:\/\/www.cislferrara.it\/?p=1986"},"modified":"2015-11-11T13:08:47","modified_gmt":"2015-11-11T12:08:47","slug":"la-quotazione-in-borsa-di-poste-italiane","status":"publish","type":"post","link":"https:\/\/www.cislferrara.it\/fr\/la-quotazione-in-borsa-di-poste-italiane\/","title":{"rendered":"L&#039;INTRODUCTION EN BOURSE DE POSTE ITALIANE"},"content":{"rendered":"<p>Ferrare, le 11 novembre 2015, \u00e0 16h00, dans la salle de r\u00e9union du CISL, Corso Piave 60, le professeur Marco Zanchi de l&#039;\u00c9cole d&#039;\u00e9conomie, de gestion et de statistique de l&#039;Universit\u00e9 de Bologne abordera les questions relatives \u00e0 la cotation\/privatisation de Poste Italiane, telles que :<\/p>\n<p align=\"LEFT\">\u00a0- quelles sont les perspectives (risques et\/ou b\u00e9n\u00e9fices) pour l&#039;entreprise et pour les salari\u00e9s de la Poste suite \u00e0 la cotation, m\u00eame si la majorit\u00e9 des actions reste d\u00e9tenue par le Minist\u00e8re de l&#039;Economie et des Finances ?<\/p>\n<p align=\"LEFT\">\u2013 impact\/influence des actionnaires qui d\u00e9tiennent 2% ou 5% et quelles sont les protections offertes par l\u2019actionnariat g\u00e9n\u00e9ralis\u00e9 ?<\/p>\n<p align=\"LEFT\">\u00a0\u2013 Que signifie l&#039;actionnariat collectif et la participation \u00e0 la gouvernance d&#039;entreprise (m\u00eame si elle n&#039;est pas actuellement pr\u00e9vue pour les employ\u00e9s des postes)\u00a0? (Sujet cher \u00e0 la CISL)<\/p>\n<p>&nbsp; <\/p>","protected":false},"excerpt":{"rendered":"<p>Ferrara, 11 novembre 2015 ore 16,00 presso il salone riunioni Cisl in Corso Piave 60, il Prof. Marco Zanchi dell&#8217;Universit\u00e0 degli Studi di Bologna Scuola di Economia Managment e Statistica\u00a0affronter\u00e0\u00a0le&#8230;<\/p>","protected":false},"author":3,"featured_media":1987,"comment_status":"closed","ping_status":"closed","sticky":false,"template":"","format":"standard","meta":{"footnotes":""},"categories":[19,10],"tags":[],"class_list":{"0":"post-1986","1":"post","2":"type-post","3":"status-publish","4":"format-standard","5":"has-post-thumbnail","7":"category-cisl-ferrara","8":"category-slp"},"_links":{"self":[{"href":"https:\/\/www.cislferrara.it\/fr\/wp-json\/wp\/v2\/posts\/1986","targetHints":{"allow":["GET"]}}],"collection":[{"href":"https:\/\/www.cislferrara.it\/fr\/wp-json\/wp\/v2\/posts"}],"about":[{"href":"https:\/\/www.cislferrara.it\/fr\/wp-json\/wp\/v2\/types\/post"}],"author":[{"embeddable":true,"href":"https:\/\/www.cislferrara.it\/fr\/wp-json\/wp\/v2\/users\/3"}],"replies":[{"embeddable":true,"href":"https:\/\/www.cislferrara.it\/fr\/wp-json\/wp\/v2\/comments?post=1986"}],"version-history":[{"count":0,"href":"https:\/\/www.cislferrara.it\/fr\/wp-json\/wp\/v2\/posts\/1986\/revisions"}],"wp:featuredmedia":[{"embeddable":true,"href":"https:\/\/www.cislferrara.it\/fr\/wp-json\/wp\/v2\/media\/1987"}],"wp:attachment":[{"href":"https:\/\/www.cislferrara.it\/fr\/wp-json\/wp\/v2\/media?parent=1986"}],"wp:term":[{"taxonomy":"category","embeddable":true,"href":"https:\/\/www.cislferrara.it\/fr\/wp-json\/wp\/v2\/categories?post=1986"},{"taxonomy":"post_tag","embeddable":true,"href":"https:\/\/www.cislferrara.it\/fr\/wp-json\/wp\/v2\/tags?post=1986"}],"curies":[{"name":"wp","href":"https:\/\/api.w.org\/{rel}","templated":true}]}}