{"id":1981,"date":"2015-11-09T15:36:14","date_gmt":"2015-11-09T14:36:14","guid":{"rendered":"http:\/\/www.cislferrara.it\/?p=1981"},"modified":"2015-11-09T15:43:28","modified_gmt":"2015-11-09T14:43:28","slug":"bando-per-il-contributo-affitti","status":"publish","type":"post","link":"https:\/\/www.cislferrara.it\/fr\/bando-per-il-contributo-affitti\/","title":{"rendered":"Appel \u00e0 contribution pour le loyer"},"content":{"rendered":"<p align=\"LEFT\">L&#039;appel \u00e0 candidatures pour les subventions au loyer a \u00e9t\u00e9 lanc\u00e9 et, \u00e0 partir de cette ann\u00e9e, elles seront distribu\u00e9es et g\u00e9r\u00e9es en mode district.<\/p>\n<p align=\"LEFT\">Les conditions requises pour demander la contribution sont les suivantes : r\u00e9sider dans un logement priv\u00e9 (les locataires d&#039;immeubles d&#039;habitation publics, ERP, sont \u00e9videmment exclus) ; ISEE ordinaire (expirant le 15 janvier 2016) ne d\u00e9passant pas 17 154,30 ; \u00eatre titulaire d&#039;un contrat de location ; r\u00e9sider dans l&#039;une des communes du district ; \u00eatre citoyen italien, europ\u00e9en ou non europ\u00e9en avec un permis de s\u00e9jour annuel ou de longue dur\u00e9e de l&#039;UE.<\/p>\n<p align=\"LEFT\">L&#039;avis et le formulaire de demande peuvent \u00eatre t\u00e9l\u00e9charg\u00e9s sur le site Web d&#039;Acer et aupr\u00e8s des six municipalit\u00e9s individuelles, et doivent \u00eatre envoy\u00e9s par courrier recommand\u00e9 avec accus\u00e9 de r\u00e9ception \u00e0 Acer Ferrara \u2013 Corso Vittorio Veneto 7 \u2013 44121 Ferrara, ou remis en main propre au bureau Acer de Ferrare ou \u00e0 l&#039;un des bureaux Acer de la r\u00e9gion.<\/p>\n<p align=\"LEFT\">Vous trouverez ci-dessous le lien vers le site Web d&#039;Acer o\u00f9 vous pouvez t\u00e9l\u00e9charger les annonces et l&#039;application\u00a0:<\/p>\n<ul>\n<li><a href=\"http:\/\/www.acerferrara.it\/550\/fondo-per-l-affitto-2015\">http:\/\/www.acerferrara.it\/550\/fondo-per-l-affitto-2015<\/a>.<\/li>\n<\/ul>\n<p align=\"LEFT\">Pour plus d&#039;informations, veuillez contacter<\/p>\n<p align=\"LEFT\">Dr Milena Grassi<br \/>\nmilena.grassi@cisl.it<br \/>\nT\u00e9l. 0532.777634<\/p>\n<p>&nbsp; <\/p>","protected":false},"excerpt":{"rendered":"<p>L&#039;appel \u00e0 candidatures pour l&#039;aide au loyer a \u00e9t\u00e9 lanc\u00e9. \u00c0 partir de cette ann\u00e9e, elle sera distribu\u00e9e et g\u00e9r\u00e9e par district. Les conditions pour postuler \u00e0 l&#039;aide sont les suivantes\u00a0: vivre dans un logement\u2026<\/p>","protected":false},"author":3,"featured_media":1982,"comment_status":"closed","ping_status":"closed","sticky":false,"template":"","format":"standard","meta":{"footnotes":""},"categories":[24],"tags":[],"class_list":{"0":"post-1981","1":"post","2":"type-post","3":"status-publish","4":"format-standard","5":"has-post-thumbnail","7":"category-avvisi"},"_links":{"self":[{"href":"https:\/\/www.cislferrara.it\/fr\/wp-json\/wp\/v2\/posts\/1981","targetHints":{"allow":["GET"]}}],"collection":[{"href":"https:\/\/www.cislferrara.it\/fr\/wp-json\/wp\/v2\/posts"}],"about":[{"href":"https:\/\/www.cislferrara.it\/fr\/wp-json\/wp\/v2\/types\/post"}],"author":[{"embeddable":true,"href":"https:\/\/www.cislferrara.it\/fr\/wp-json\/wp\/v2\/users\/3"}],"replies":[{"embeddable":true,"href":"https:\/\/www.cislferrara.it\/fr\/wp-json\/wp\/v2\/comments?post=1981"}],"version-history":[{"count":0,"href":"https:\/\/www.cislferrara.it\/fr\/wp-json\/wp\/v2\/posts\/1981\/revisions"}],"wp:featuredmedia":[{"embeddable":true,"href":"https:\/\/www.cislferrara.it\/fr\/wp-json\/wp\/v2\/media\/1982"}],"wp:attachment":[{"href":"https:\/\/www.cislferrara.it\/fr\/wp-json\/wp\/v2\/media?parent=1981"}],"wp:term":[{"taxonomy":"category","embeddable":true,"href":"https:\/\/www.cislferrara.it\/fr\/wp-json\/wp\/v2\/categories?post=1981"},{"taxonomy":"post_tag","embeddable":true,"href":"https:\/\/www.cislferrara.it\/fr\/wp-json\/wp\/v2\/tags?post=1981"}],"curies":[{"name":"wp","href":"https:\/\/api.w.org\/{rel}","templated":true}]}}