{"id":1968,"date":"2015-11-04T18:06:18","date_gmt":"2015-11-04T17:06:18","guid":{"rendered":"http:\/\/www.cislferrara.it\/?p=1968"},"modified":"2015-11-04T18:06:30","modified_gmt":"2015-11-04T17:06:30","slug":"er-ricorsi-pilota-contro-decreto-governo-su-perequazioni-pensioni","status":"publish","type":"post","link":"https:\/\/www.cislferrara.it\/fr\/er-ricorsi-pilota-contro-decreto-governo-su-perequazioni-pensioni\/","title":{"rendered":"ER : Un pilote fait appel d&#039;un d\u00e9cret gouvernemental sur l&#039;\u00e9galisation des pensions"},"content":{"rendered":"<p><span style=\"font-family: Arial Unicode MS; font-size: large;\">Une s\u00e9rie de recours pilotes contre le d\u00e9cret l\u00e9gislatif n\u00b0\u00a065 du gouvernement, relatif \u00e0 l\u2019\u00e9galisation des pensions, \u00e0 la lumi\u00e8re de l\u2019arr\u00eat de la Cour constitutionnelle sur la r\u00e9\u00e9valuation des pensions. Ils sont pr\u00e9sent\u00e9s conjointement.<\/span><span style=\"font-family: Century Gothic; font-size: large;\">,<\/span><span style=\"font-family: Arial Unicode MS; font-size: large;\"> Les syndicats de retrait\u00e9s Spi-Cgil, Fnp-Cisl et Uilp-Uil d&#039;\u00c9milie-Romagne seront pr\u00e9sents au tribunal de Bologne. Selon eux, cinq ou six affaires pr\u00e9sentent des aspects manifestement inconstitutionnels.<\/span><span style=\"font-family: Century Gothic; font-size: large;\">\u00e0.<\/span><span style=\"font-family: Arial Unicode MS; font-size: large;\"> \u00ab En \u00c9milie-Romagne \u00bb, explique Loris Cavalletti, responsable r\u00e9gional de CISL Pensioners, \u00ab nous avons d\u00e9cid\u00e9 de d\u00e9poser des recours communs, et d&#039;autres r\u00e9gions suivent d\u00e9sormais notre exemple. Par cette initiative, nous voulons d\u00e9fendre le principe selon lequel les pensions <\/span><span style=\"font-family: Century Gothic; font-size: large;\">Et<\/span><span style=\"font-family: Arial Unicode MS; font-size: large;\"> \u00ab\u00a0Un salaire diff\u00e9r\u00e9, fruit du travail et des cotisations, et non une aide de l\u2019\u00c9tat.\u00a0\u00bb \u00cates-vous d\u2019accord pour dire que \u00ab\u00a0la pension <\/span><span style=\"font-family: Century Gothic; font-size: large;\">Et<\/span><span style=\"font-family: Arial Unicode MS; font-size: large;\"> salaire diff\u00e9r\u00e9<\/span><span style=\"font-family: Century Gothic; font-size: large;\">,<\/span><span style=\"font-family: Arial Unicode MS; font-size: large;\"> \u00ab\u00a0qui doit \u00eatre digne et conforme au montant vers\u00e9\u00a0\u00bb au fil des ann\u00e9es de travail, sont \u00e9galement les secr\u00e9taires r\u00e9gionaux Spi Cgil Bruno Pizzica et Uilp Uil Rosanna Benazzi. Par cons\u00e9quent, les trois syndicalistes de Pennionati en \u00c9milie-Romagne mettent en garde\u00a0: \u00ab\u00a0Si cela doit \u00eatre fait\u2026\u00a0\u00bb<\/span><span style=\"font-family: Century Gothic; font-size: large;\">\u00e0<\/span><span style=\"font-family: Arial Unicode MS; font-size: large;\"> Si n\u00e9cessaire, nous retournerons dans la rue, o\u00f9 nous resterons m\u00eame si on nous demande de garder notre calme. <\/span><\/p>\n<p><span style=\"font-family: Arial Unicode MS; font-size: large;\"><span style=\"font-family: Arial Unicode MS; font-size: large;\">En \u00c9milie-Romagne, on compte 1\u00a0286\u00a0000 retrait\u00e9s, dont 695\u00a0000 femmes et 591\u00a0000 hommes. Parmi eux, 821\u00a0030, travaillant dans le secteur priv\u00e9, per\u00e7oivent en moyenne moins de 1\u00a0500 euros bruts par mois. Plus pr\u00e9cis\u00e9ment, le montant moyen <\/span><\/span><span style=\"font-family: Century Gothic; font-size: large;\"><span style=\"font-family: Century Gothic; font-size: large;\">Et<\/span><\/span><span style=\"font-family: Arial Unicode MS; font-size: large;\"><span style=\"font-family: Arial Unicode MS; font-size: large;\"> de 954 euros bruts par mois contre 942 euros bruts l&#039;ann\u00e9e derni\u00e8re. Mais le montant moyen pour les hommes <\/span><\/span><span style=\"font-family: Century Gothic; font-size: large;\"><span style=\"font-family: Century Gothic; font-size: large;\">Et<\/span><\/span><span style=\"font-family: Arial Unicode MS; font-size: large;\"><span style=\"font-family: Arial Unicode MS; font-size: large;\"> Le montant des pensions s&#039;\u00e9l\u00e8ve \u00e0 1\u00a0295 euros bruts par mois pour les hommes et \u00e0 731 euros bruts par mois pour les femmes. Dans la r\u00e9gion, le nombre de retrait\u00e9s a diminu\u00e9 de 31\u00a0800 unit\u00e9s au cours des deux derni\u00e8res ann\u00e9es.<\/span><\/span><span style=\"font-family: Century Gothic; font-size: large;\"><span style=\"font-family: Century Gothic; font-size: large;\">\u00e0<\/span><\/span><span style=\"font-family: Arial Unicode MS; font-size: large;\"><span style=\"font-family: Arial Unicode MS; font-size: large;\"> En raison de la loi Fornero, 100\u00a0375 personnes per\u00e7oivent moins de 500 euros bruts par mois. Les b\u00e9n\u00e9ficiaires du r\u00e9gime 82% re\u00e7oivent moins de 1\u00a0500 euros bruts par mois, et seuls ceux du r\u00e9gime 6% per\u00e7oivent plus de 3\u00a0000 euros bruts par mois. Les pensions les plus \u00e9lev\u00e9es\u2026<\/span><\/span><span style=\"font-family: Century Gothic; font-size: large;\"><span style=\"font-family: Century Gothic; font-size: large;\">\u00f9<\/span><\/span><span style=\"font-family: Arial Unicode MS; font-size: large;\"><span style=\"font-family: Arial Unicode MS; font-size: large;\"> Les salaires les plus \u00e9lev\u00e9s sont pratiqu\u00e9s \u00e0 Bologne, avec une moyenne de 1\u00a0035 euros bruts par mois, les plus bas \u00e9tant enregistr\u00e9s \u00e0 Bologne.<\/span><\/span><span style=\"font-family: Century Gothic; font-size: large;\"><span style=\"font-family: Century Gothic; font-size: large;\">\u00f9<\/span><\/span><span style=\"font-family: Arial Unicode MS; font-size: large;\"><span style=\"font-family: Arial Unicode MS; font-size: large;\"> Le montant le plus bas \u00e0 Rimini est de 820 euros bruts par mois. Dans la fonction publique, la moyenne est de 1\u00a0714 euros bruts par mois, tandis que les retrait\u00e9s relevant du r\u00e9gime 73% per\u00e7oivent en moyenne moins de 1\u00a0500 euros bruts par mois. En moyenne, plus<\/span><\/span><span style=\"font-family: Century Gothic; font-size: large;\"><span style=\"font-family: Century Gothic; font-size: large;\">\u00f9<\/span><\/span><span style=\"font-family: Arial Unicode MS; font-size: large;\"><span style=\"font-family: Arial Unicode MS; font-size: large;\"> Bien que significatives par rapport \u00e0 celles du secteur priv\u00e9, les contributions des cat\u00e9gories de travailleurs aux salaires plus \u00e9lev\u00e9s ont un impact<\/span><\/span><span style=\"font-family: Century Gothic; font-size: large;\"><span style=\"font-family: Century Gothic; font-size: large;\">\u00f9<\/span><\/span><span style=\"font-family: Arial Unicode MS; font-size: large;\"><span style=\"font-family: Arial Unicode MS; font-size: large;\"> Les salaires \u00e9lev\u00e9s de certains fonctionnaires, comme les magistrats, les m\u00e9decins et les professeurs d&#039;universit\u00e9, constituent un frein important. Par ailleurs, le taux d&#039;imposition des pensions en Italie est \u00e9lev\u00e9 compar\u00e9 \u00e0 celui de l&#039;Allemagne, de la France, du Royaume-Uni et de l&#039;Espagne. Sur une pension mensuelle brute moyenne de 1\u00a0500\u00a0\u20ac, l&#039;imp\u00f4t italien sur le revenu des personnes physiques (IRPEF) <\/span><\/span><span style=\"font-family: Century Gothic; font-size: large;\"><span style=\"font-family: Century Gothic; font-size: large;\">Et<\/span><\/span><span style=\"font-family: Arial Unicode MS; font-size: large;\"><span style=\"font-family: Arial Unicode MS; font-size: large;\"> \u00e0 20,7%, soit 4\u00a0040 euros par an\u00a0; en Allemagne \u00e0 0,2%, soit 39 euros par an\u00a0; en France \u00e0 5,2%, soit 1\u00a0014 euros par an\u00a0; en Angleterre \u00e0 7,2%, soit 1\u00a0404 euros par an et en Espagne \u00e0 9,5%, soit 1\u00a0852 euros par an<\/span><\/span> <\/p>","protected":false},"excerpt":{"rendered":"<p>Una serie di ricorsi-pilota contro il Decreto Legge 65 del governo, relativo alla perequazione pensionistica, alla luce della sentenza della Corte costituzionale sulla rivalutazione delle pensioni. A presentarli unitariamente, presso&#8230;<\/p>","protected":false},"author":3,"featured_media":1969,"comment_status":"closed","ping_status":"closed","sticky":false,"template":"","format":"standard","meta":{"footnotes":""},"categories":[19,16],"tags":[],"class_list":{"0":"post-1968","1":"post","2":"type-post","3":"status-publish","4":"format-standard","5":"has-post-thumbnail","7":"category-cisl-ferrara","8":"category-fnp"},"_links":{"self":[{"href":"https:\/\/www.cislferrara.it\/fr\/wp-json\/wp\/v2\/posts\/1968","targetHints":{"allow":["GET"]}}],"collection":[{"href":"https:\/\/www.cislferrara.it\/fr\/wp-json\/wp\/v2\/posts"}],"about":[{"href":"https:\/\/www.cislferrara.it\/fr\/wp-json\/wp\/v2\/types\/post"}],"author":[{"embeddable":true,"href":"https:\/\/www.cislferrara.it\/fr\/wp-json\/wp\/v2\/users\/3"}],"replies":[{"embeddable":true,"href":"https:\/\/www.cislferrara.it\/fr\/wp-json\/wp\/v2\/comments?post=1968"}],"version-history":[{"count":0,"href":"https:\/\/www.cislferrara.it\/fr\/wp-json\/wp\/v2\/posts\/1968\/revisions"}],"wp:featuredmedia":[{"embeddable":true,"href":"https:\/\/www.cislferrara.it\/fr\/wp-json\/wp\/v2\/media\/1969"}],"wp:attachment":[{"href":"https:\/\/www.cislferrara.it\/fr\/wp-json\/wp\/v2\/media?parent=1968"}],"wp:term":[{"taxonomy":"category","embeddable":true,"href":"https:\/\/www.cislferrara.it\/fr\/wp-json\/wp\/v2\/categories?post=1968"},{"taxonomy":"post_tag","embeddable":true,"href":"https:\/\/www.cislferrara.it\/fr\/wp-json\/wp\/v2\/tags?post=1968"}],"curies":[{"name":"wp","href":"https:\/\/api.w.org\/{rel}","templated":true}]}}