{"id":1959,"date":"2015-10-28T17:52:46","date_gmt":"2015-10-28T16:52:46","guid":{"rendered":"http:\/\/www.cislferrara.it\/?p=1959"},"modified":"2015-11-02T17:54:04","modified_gmt":"2015-11-02T16:54:04","slug":"etichettatura-alimenti","status":"publish","type":"post","link":"https:\/\/www.cislferrara.it\/fr\/etichettatura-alimenti\/","title":{"rendered":"\u00c9tiquetage des aliments"},"content":{"rendered":"<p class=\"western\" align=\"justify\"><span style=\"font-family: Garamond, serif;\"><span style=\"font-size: large;\">Adiconsum, Federconsumatori et Adoc Ferrara pr\u00e9viennent que <\/span><\/span><span style=\"font-family: Garamond, serif;\"><span style=\"font-size: large;\">Suite \u00e0 leur participation \u00e0 un appel \u00e0 propositions lanc\u00e9 par la Chambre de Commerce de Ferrare \u00e0 destination des associations de consommateurs, ils ont d\u00e9cid\u00e9 de lancer un projet sur \u00ab la contrefa\u00e7on de produits alimentaires, de v\u00eatements et d&#039;accessoires, et l&#039;\u00e9tiquetage des produits \u00bb, qui vise \u00e0 informer et \u00e0 sensibiliser les citoyens \u00e0 l&#039;achat \u00e9clair\u00e9.<\/span><\/span><\/p>\n<p class=\"western\" align=\"justify\"><span style=\"font-family: Garamond, serif;\"><span style=\"font-size: large;\">Par cons\u00e9quent, nous tenons \u00e0 vous informer que tous les mardis et jeudis, du 3 novembre au 17 d\u00e9cembre, de 15h00 \u00e0 17h00, nous serons \u00e0 la disposition des consommateurs dans nos bureaux respectifs, o\u00f9 des points d&#039;information seront mis \u00e0 leur disposition pour les conseiller, les assister, leur fournir des informations et des documents gratuits sur l&#039;\u00e9tiquetage des aliments.<\/span><\/span><\/p>\n<p class=\"western\" align=\"justify\"><span style=\"text-decoration: underline;\"><span style=\"font-family: Garamond, serif;\"><span style=\"font-size: large;\">Nous invitons donc les citoyens \u00e0 se rendre dans nos bureaux aux adresses suivantes\u00a0:<\/span><\/span><\/span><\/p>\n<p class=\"western\" align=\"justify\"><span style=\"font-family: Garamond, serif;\"><span style=\"font-size: large;\">Adiconsum Ferrara, C.so Piave n. 70 <\/span><\/span><\/p>\n<p class=\"western\" align=\"justify\"><span style=\"font-family: Garamond, serif;\"><span style=\"font-size: large;\">Federconsumatori Ferrare, Piazza Verdi n. 5<\/span><\/span><\/p>\n<p class=\"western\" align=\"justify\"><span style=\"font-family: Garamond, serif;\"><span style=\"font-size: large;\">Adoc Ferrare, Via Oroboni n. 42<\/span><\/span><\/p>\n<p class=\"western\" align=\"justify\"><span style=\"font-family: Garamond, serif;\"><span style=\"font-size: large;\"> Pour Adiconsum Ferrara \u2013 Federconsumatori Ferrara -Adoc Ferrara<\/span><\/span><\/p>\n<p class=\"western\" align=\"justify\"><span style=\"font-family: Garamond, serif;\"><span style=\"font-size: large;\"> Milena Grassi<\/span><\/span><\/p>","protected":false},"excerpt":{"rendered":"<p>Adiconsum, Federconsumatori e Adoc Ferrara, avvisano che in seguito alla partecipazione al bando indetto dalla camera di commercio di Ferrara per le associazioni dei consumatori, hanno deciso di realizzare un&#8230;<\/p>","protected":false},"author":3,"featured_media":1960,"comment_status":"closed","ping_status":"closed","sticky":false,"template":"","format":"standard","meta":{"footnotes":""},"categories":[19],"tags":[],"class_list":{"0":"post-1959","1":"post","2":"type-post","3":"status-publish","4":"format-standard","5":"has-post-thumbnail","7":"category-cisl-ferrara"},"_links":{"self":[{"href":"https:\/\/www.cislferrara.it\/fr\/wp-json\/wp\/v2\/posts\/1959","targetHints":{"allow":["GET"]}}],"collection":[{"href":"https:\/\/www.cislferrara.it\/fr\/wp-json\/wp\/v2\/posts"}],"about":[{"href":"https:\/\/www.cislferrara.it\/fr\/wp-json\/wp\/v2\/types\/post"}],"author":[{"embeddable":true,"href":"https:\/\/www.cislferrara.it\/fr\/wp-json\/wp\/v2\/users\/3"}],"replies":[{"embeddable":true,"href":"https:\/\/www.cislferrara.it\/fr\/wp-json\/wp\/v2\/comments?post=1959"}],"version-history":[{"count":0,"href":"https:\/\/www.cislferrara.it\/fr\/wp-json\/wp\/v2\/posts\/1959\/revisions"}],"wp:featuredmedia":[{"embeddable":true,"href":"https:\/\/www.cislferrara.it\/fr\/wp-json\/wp\/v2\/media\/1960"}],"wp:attachment":[{"href":"https:\/\/www.cislferrara.it\/fr\/wp-json\/wp\/v2\/media?parent=1959"}],"wp:term":[{"taxonomy":"category","embeddable":true,"href":"https:\/\/www.cislferrara.it\/fr\/wp-json\/wp\/v2\/categories?post=1959"},{"taxonomy":"post_tag","embeddable":true,"href":"https:\/\/www.cislferrara.it\/fr\/wp-json\/wp\/v2\/tags?post=1959"}],"curies":[{"name":"wp","href":"https:\/\/api.w.org\/{rel}","templated":true}]}}