{"id":1950,"date":"2015-10-29T09:53:30","date_gmt":"2015-10-29T08:53:30","guid":{"rendered":"http:\/\/www.cislferrara.it\/?p=1950"},"modified":"2015-10-29T09:53:30","modified_gmt":"2015-10-29T08:53:30","slug":"sciopero-personale-tper-il-9-novembre","status":"publish","type":"post","link":"https:\/\/www.cislferrara.it\/fr\/sciopero-personale-tper-il-9-novembre\/","title":{"rendered":"Gr\u00e8ve du personnel du TPER le 9 novembre"},"content":{"rendered":"<p style=\"text-align: left;\">Apr\u00e8s une n\u00e9gociation entre l&#039;entreprise Tper et les syndicats Fit Cisl, Filt Cgil, Uiltrasporti,<br \/>\nFaisa Cisal et les autoferrotransvieri de l&#039;Ugl ont dur\u00e9 plusieurs mois, nous sommes arriv\u00e9s \u00e0 la gr\u00e8ve.<br \/>\nla tentative effectu\u00e9e n&#039;a pas donn\u00e9 les r\u00e9sultats escompt\u00e9s.<br \/>\nLa discussion a d\u00e9but\u00e9 avec l\u2019expiration du contrat de service de transport public du bassin<br \/>\nde Ferrare et les pr\u00e9visions de cl\u00f4ture du budget 2014 avec un d\u00e9ficit de 1 million d&#039;euros.<br \/>\nLe conseil d&#039;administration de Tper a d\u00e9cid\u00e9 de ne pas signer un contrat d\u00e9ficitaire et a<br \/>\na soulev\u00e9 la question du r\u00e9tablissement de l&#039;\u00e9quilibre budg\u00e9taire. Les propositions avanc\u00e9es par le sommet<br \/>\nles entreprises ont \u00e9videmment eu recours \u00e0 des mesures sur le personnel en confiant une partie du service \u00e0 des particuliers<br \/>\net le transfert cons\u00e9cutif de 40 chauffeurs \u00e0 Bologne. Au d\u00e9triment du transfert du travail vers le personnel.<br \/>\navec un traitement \u00e9conomique inf\u00e9rieur et moins de droits garantis, la moquerie de la<br \/>\ntransfert de chauffeurs non pas par manque de travail mais pour \u00e9conomiser de l&#039;argent \u00e0 l&#039;entreprise.<br \/>\nLes syndicats ont contest\u00e9 cette hypoth\u00e8se et, lorsqu&#039;ils ont \u00e9t\u00e9 remis en question, ont avanc\u00e9 des propositions<br \/>\nsur des rationalisations qui n&#039;auraient pas un impact aussi lourd sur les conducteurs, TOUTES REJET\u00c9ES PAR<br \/>\nTPER ! L&#039;entreprise a m\u00eame propos\u00e9 des modifications aux horaires du personnel itin\u00e9rant, avec<br \/>\naugmentation des temps de conduite contenus dans les quarts de travail.<br \/>\nLa n\u00e9gociation a permis de limiter les d\u00e9g\u00e2ts et de parvenir \u00e0 un accord sur l&#039;exode incit\u00e9<br \/>\ndes personnels proches de la retraite et des transferts volontaires vers Bologne, eux aussi incit\u00e9s.<br \/>\nNous avons r\u00e9ussi \u00e0 obtenir une petite augmentation du prix pay\u00e9 par les municipalit\u00e9s de la Province pour le<br \/>\nles transports en commun, un tarif encore tr\u00e8s faible et souvent non pay\u00e9 par les autorit\u00e9s dans le pass\u00e9<br \/>\nLocal. Malheureusement, la r\u00e9alit\u00e9 demeure celle d&#039;une zone de chalandise qui, malgr\u00e9 l&#039;augmentation du nombre de passagers<br \/>\ntransport\u00e9s et la vente de billets et d&#039;abonnements, continue d&#039;\u00eatre fortement p\u00e9nalis\u00e9e par<br \/>\ndes choix politiques qui, au fil du temps, n&#039;ont pas favoris\u00e9 son d\u00e9veloppement, mais l&#039;ont plut\u00f4t facilit\u00e9<br \/>\ntransport priv\u00e9, une tendance tr\u00e8s anachronique pour l&#039;\u00e9poque dans laquelle nous vivons. Parmi les derni\u00e8res<br \/>\nchoix malheureux de la municipalit\u00e9 de Ferrare, il y a eu celui de fermer la billetterie de Rampari S.Paolo<br \/>\nd&#039;accorder le b\u00e2timent \u00e0 un bar, laissant les voyageurs sans possibilit\u00e9 de s\u00e9jour pendant plusieurs mois<br \/>\nacheter les billets de voyage sur place et toujours sans salle d&#039;attente ni toilettes.<br \/>\nFinalement, le contrat de service a \u00e9t\u00e9 prolong\u00e9 et Tper a cl\u00f4tur\u00e9 l&#039;exercice 2014 avec un b\u00e9n\u00e9fice de \u20ac<br \/>\n2 600 000, mais cela ne semble pas compter et Ferrare continue d&#039;\u00eatre d\u00e9sign\u00e9e comme un bassin dans<br \/>\nperte, m\u00eame au sein d&#039;une seule entreprise rentable. La cons\u00e9quence est qu&#039;\u00e0 partir du 1er octobre, 8 changements<br \/>\nprovince ont \u00e9t\u00e9 vendues \u00e0 des entreprises priv\u00e9es et 8 chauffeurs ont depuis \u00e9t\u00e9 contraints de<br \/>\njourn\u00e9e pour venir travailler \u00e0 Ferrare m\u00eame depuis Comacchio et Codigoro, avec tous les inconv\u00e9nients que cela comporte<br \/>\nr\u00e9sultat. L&#039;opinion contraire des syndicats, qui rejettent la logique de toujours faire<br \/>\npayer aux travailleurs le prix d\u2019une gestion douteuse et de choix politiques qui vont \u00e0 l\u2019encontre du bon sens.<\/p>\n<p style=\"text-align: center;\">FIT-FILT-UILT-FAISA-UGL ont proclam\u00e9 conjointement<br \/>\nGR\u00c8VE DE 4 HEURES<br \/>\nde tout le personnel du TPER dans la r\u00e9gion de Ferrare, y compris les bureaux et les installations fixes<br \/>\n9 NOVEMBRE 2015<br \/>\nDE 10H30 \u00c0 14H30.<\/p>","protected":false},"excerpt":{"rendered":"<p>Apr\u00e8s des n\u00e9gociations de plusieurs mois entre l&#039;entreprise Tper et les syndicats Fit Cisl, Filt Cgil, Uiltrasporti, Faisa Cisal et Ugl autoferrotranvieri, nous sommes arriv\u00e9s \u00e0 la gr\u00e8ve. \u00c0 chaque tentative\u2026<\/p>","protected":false},"author":3,"featured_media":1951,"comment_status":"closed","ping_status":"closed","sticky":false,"template":"","format":"standard","meta":{"footnotes":""},"categories":[19,7],"tags":[],"class_list":{"0":"post-1950","1":"post","2":"type-post","3":"status-publish","4":"format-standard","5":"has-post-thumbnail","7":"category-cisl-ferrara","8":"category-fit"},"_links":{"self":[{"href":"https:\/\/www.cislferrara.it\/fr\/wp-json\/wp\/v2\/posts\/1950","targetHints":{"allow":["GET"]}}],"collection":[{"href":"https:\/\/www.cislferrara.it\/fr\/wp-json\/wp\/v2\/posts"}],"about":[{"href":"https:\/\/www.cislferrara.it\/fr\/wp-json\/wp\/v2\/types\/post"}],"author":[{"embeddable":true,"href":"https:\/\/www.cislferrara.it\/fr\/wp-json\/wp\/v2\/users\/3"}],"replies":[{"embeddable":true,"href":"https:\/\/www.cislferrara.it\/fr\/wp-json\/wp\/v2\/comments?post=1950"}],"version-history":[{"count":0,"href":"https:\/\/www.cislferrara.it\/fr\/wp-json\/wp\/v2\/posts\/1950\/revisions"}],"wp:featuredmedia":[{"embeddable":true,"href":"https:\/\/www.cislferrara.it\/fr\/wp-json\/wp\/v2\/media\/1951"}],"wp:attachment":[{"href":"https:\/\/www.cislferrara.it\/fr\/wp-json\/wp\/v2\/media?parent=1950"}],"wp:term":[{"taxonomy":"category","embeddable":true,"href":"https:\/\/www.cislferrara.it\/fr\/wp-json\/wp\/v2\/categories?post=1950"},{"taxonomy":"post_tag","embeddable":true,"href":"https:\/\/www.cislferrara.it\/fr\/wp-json\/wp\/v2\/tags?post=1950"}],"curies":[{"name":"wp","href":"https:\/\/api.w.org\/{rel}","templated":true}]}}