{"id":1934,"date":"2015-09-24T12:42:07","date_gmt":"2015-09-24T10:42:07","guid":{"rendered":"http:\/\/www.cislferrara.it\/?p=1934"},"modified":"2015-09-24T12:42:07","modified_gmt":"2015-09-24T10:42:07","slug":"inaugurazione-sede-cisl-a-copparo","status":"publish","type":"post","link":"https:\/\/www.cislferrara.it\/fr\/inaugurazione-sede-cisl-a-copparo\/","title":{"rendered":"Inauguration du si\u00e8ge de la CISL \u00e0 COPPARO"},"content":{"rendered":"<p>Inauguration du si\u00e8ge de la CISL \u00e0 COPPARO. Vendredi 2 octobre 2015, \u00e0 11h00<br \/>\nL&#039;inauguration du nouveau b\u00e2timent se d\u00e9roulera en pr\u00e9sence du cur\u00e9 de la paroisse, Don Cesare Concas, qui b\u00e9nira les lieux, suivie d&#039;un rafra\u00eechissement.<\/p>\n<p>La pr\u00e9sence du maire Nicola Rossi, ainsi que de Paolo Baiamonte, secr\u00e9taire provincial du CISL, et des employ\u00e9s et collaborateurs b\u00e9n\u00e9voles du CISL-INAS-CAF-FNP-ANTEAS, est garantie lors de la c\u00e9r\u00e9monie d&#039;inauguration.<\/p>\n<p>La grande famille CISL, conform\u00e9ment aux d\u00e9cisions prises par notre organisation \u00e0 tous les niveaux, tend la main \u00e0 ses membres, leur offrant son aide dans la vie quotidienne de chaque citoyen, travailleur et retrait\u00e9.<\/p>\n<p>Notre objectif est de rester un point de r\u00e9f\u00e9rence pour les travailleurs et les retrait\u00e9s, en les accompagnant dans leurs probl\u00e9matiques contractuelles et de services et en \u00e9tant en mesure de r\u00e9pondre \u00e0 leurs questions concernant la s\u00e9curit\u00e9 sociale, l&#039;aide sociale et les imp\u00f4ts, les pratiques en mati\u00e8re de s\u00e9curit\u00e9 sociale, le bien-\u00eatre social et les d\u00e9clarations de revenus. <\/p>","protected":false},"excerpt":{"rendered":"<p>Inaugurazione sede CISL a COPPARO. Venerd\u00ec 2 Ottobre 2015 alle ore 11.00. L&#8217;innaugurazione della sede, vedr\u00e0 la presenza del parroco Don Cesare Concas impegnato nella benedizione dei locali, cui seguir\u00e0&#8230;<\/p>","protected":false},"author":3,"featured_media":1936,"comment_status":"closed","ping_status":"closed","sticky":false,"template":"","format":"standard","meta":{"footnotes":""},"categories":[1,19],"tags":[],"class_list":{"0":"post-1934","1":"post","2":"type-post","3":"status-publish","4":"format-standard","5":"has-post-thumbnail","7":"category-area-stampa","8":"category-cisl-ferrara"},"_links":{"self":[{"href":"https:\/\/www.cislferrara.it\/fr\/wp-json\/wp\/v2\/posts\/1934","targetHints":{"allow":["GET"]}}],"collection":[{"href":"https:\/\/www.cislferrara.it\/fr\/wp-json\/wp\/v2\/posts"}],"about":[{"href":"https:\/\/www.cislferrara.it\/fr\/wp-json\/wp\/v2\/types\/post"}],"author":[{"embeddable":true,"href":"https:\/\/www.cislferrara.it\/fr\/wp-json\/wp\/v2\/users\/3"}],"replies":[{"embeddable":true,"href":"https:\/\/www.cislferrara.it\/fr\/wp-json\/wp\/v2\/comments?post=1934"}],"version-history":[{"count":0,"href":"https:\/\/www.cislferrara.it\/fr\/wp-json\/wp\/v2\/posts\/1934\/revisions"}],"wp:featuredmedia":[{"embeddable":true,"href":"https:\/\/www.cislferrara.it\/fr\/wp-json\/wp\/v2\/media\/1936"}],"wp:attachment":[{"href":"https:\/\/www.cislferrara.it\/fr\/wp-json\/wp\/v2\/media?parent=1934"}],"wp:term":[{"taxonomy":"category","embeddable":true,"href":"https:\/\/www.cislferrara.it\/fr\/wp-json\/wp\/v2\/categories?post=1934"},{"taxonomy":"post_tag","embeddable":true,"href":"https:\/\/www.cislferrara.it\/fr\/wp-json\/wp\/v2\/tags?post=1934"}],"curies":[{"name":"wp","href":"https:\/\/api.w.org\/{rel}","templated":true}]}}