{"id":1928,"date":"2015-09-19T18:36:03","date_gmt":"2015-09-19T16:36:03","guid":{"rendered":"http:\/\/www.cislferrara.it\/?p=1928"},"modified":"2015-09-20T18:36:24","modified_gmt":"2015-09-20T16:36:24","slug":"contestazioni-al-ministro-giannini-chi-ha-davvero-leso-i-principi-della-democrazia","status":"publish","type":"post","link":"https:\/\/www.cislferrara.it\/fr\/contestazioni-al-ministro-giannini-chi-ha-davvero-leso-i-principi-della-democrazia\/","title":{"rendered":"Manifestations contre le ministre Giannini. Qui a r\u00e9ellement viol\u00e9 les principes de la d\u00e9mocratie ?"},"content":{"rendered":"<p>Les syndicats, mouvements et associations qui ont appel\u00e9 conjointement \u00e0 des manifestations publiques contre la r\u00e9forme scolaire ont particip\u00e9 \u00e0 la rencontre avec le ministre Giannini, organis\u00e9e dans le cadre de la F\u00eate de l&#039;Unit\u00e9 du Parti d\u00e9mocrate, sur le th\u00e8me \u00ab\u00a0L&#039;\u00e9cole en f\u00eate\u00a0\u00bb. Cette rencontre visait \u00e0 aborder les questions cruciales li\u00e9es \u00e0 la loi 107, dite \u00ab\u00a0Buona Scuola\u00a0\u00bb (Bonne \u00c9cole).<\/p>\n<p>Malheureusement, cela n\u2019a pas \u00e9t\u00e9 possible.<\/p>\n<p>On a dit que la d\u00e9mocratie a \u00e9chou\u00e9, mais nous demandons :<\/p>\n<p>-Est-il d\u00e9mocratique pour le gouvernement d\u2019avoir viol\u00e9 la souverainet\u00e9 populaire en proc\u00e9dant de force avec un projet de loi scell\u00e9, en exigeant un vote de confiance et en utilisant l\u2019outil des d\u00e9l\u00e9gations blanches ? <\/p>\n<p>-Est-il d\u00e9mocratique d\u2019emp\u00eacher le d\u00e9bat et la libre discussion sur une loi qui d\u00e9terminera l\u2019avenir du pays, comme cela s\u2019est produit au cours de l\u2019ann\u00e9e \u00e9coul\u00e9e ?<\/p>\n<p>-Est-il d\u00e9mocratique d\u2019ignorer les appels \u00e0 \u00eatre entendus de ceux qui travaillent et vivent dans les \u00e9coles au quotidien ?<\/p>\n<p>\u2013 Est-il d\u00e9mocratique de structurer les \u00e9coles de mani\u00e8re conflictuelle et comp\u00e9titive, cr\u00e9ant ainsi des institutions de s\u00e9rie A et de s\u00e9rie B ?<\/p>\n<p>-Est-il d\u00e9mocratique d\u2019avoir \u00e9lud\u00e9 les demandes de dialogue et de consultation des syndicats et d\u2019avoir ignor\u00e9 la plus grande gr\u00e8ve scolaire de l\u2019histoire, celle du 5 mai 2015 ?<\/p>\n<p>\u00c0 ce stade, m\u00eame si nous regrettons l\u2019absence de dialogue, nous devons n\u00e9anmoins conclure que la col\u00e8re et la d\u00e9ception exprim\u00e9es \u00e0 travers le toll\u00e9 \u00e9taient la voix douloureuse d\u2019une d\u00e9mocratie viol\u00e9e par des mois d\u2019ignorance et de refus de dialogue. <\/p>\n<p>FLC CGIL \u2013 \u00c9COLE CISL \u2013 \u00c9COLE UIL \u2013 SNALS-CONFSAL \u2013 GILDA-UNAMS<br \/>\nR\u00c9SEAU \u00c9TUDIANT \u2013 SYNDICAT \u00c9TUDIANT \u2013 ANPI Provincial Ferrara \u2013<br \/>\nComit\u00e9 de soutien \u00e0 la LIP (Loi d&#039;Initiative Populaire pour une Bonne \u00c9cole pour les<br \/>\n Repubblica) Ferrara \u2013 MCE Ferrara \u2013 PROTEO FareSapere Ferrara \u2013<\/p>\n<p>Ferrare, le 18 septembre 2015<\/p>","protected":false},"excerpt":{"rendered":"<p>I sindacati, i movimenti, le associazioni, che hanno indetto insieme tutte le manifestazioni pubbliche contro la riforma della scuola, hanno partecipato all&#8217;incontro con il ministro Giannini organizzato all&#8217;interno della festa&#8230;<\/p>","protected":false},"author":3,"featured_media":1929,"comment_status":"closed","ping_status":"closed","sticky":false,"template":"","format":"standard","meta":{"footnotes":""},"categories":[19,11],"tags":[],"class_list":{"0":"post-1928","1":"post","2":"type-post","3":"status-publish","4":"format-standard","5":"has-post-thumbnail","7":"category-cisl-ferrara","8":"category-scuola"},"_links":{"self":[{"href":"https:\/\/www.cislferrara.it\/fr\/wp-json\/wp\/v2\/posts\/1928","targetHints":{"allow":["GET"]}}],"collection":[{"href":"https:\/\/www.cislferrara.it\/fr\/wp-json\/wp\/v2\/posts"}],"about":[{"href":"https:\/\/www.cislferrara.it\/fr\/wp-json\/wp\/v2\/types\/post"}],"author":[{"embeddable":true,"href":"https:\/\/www.cislferrara.it\/fr\/wp-json\/wp\/v2\/users\/3"}],"replies":[{"embeddable":true,"href":"https:\/\/www.cislferrara.it\/fr\/wp-json\/wp\/v2\/comments?post=1928"}],"version-history":[{"count":0,"href":"https:\/\/www.cislferrara.it\/fr\/wp-json\/wp\/v2\/posts\/1928\/revisions"}],"wp:featuredmedia":[{"embeddable":true,"href":"https:\/\/www.cislferrara.it\/fr\/wp-json\/wp\/v2\/media\/1929"}],"wp:attachment":[{"href":"https:\/\/www.cislferrara.it\/fr\/wp-json\/wp\/v2\/media?parent=1928"}],"wp:term":[{"taxonomy":"category","embeddable":true,"href":"https:\/\/www.cislferrara.it\/fr\/wp-json\/wp\/v2\/categories?post=1928"},{"taxonomy":"post_tag","embeddable":true,"href":"https:\/\/www.cislferrara.it\/fr\/wp-json\/wp\/v2\/tags?post=1928"}],"curies":[{"name":"wp","href":"https:\/\/api.w.org\/{rel}","templated":true}]}}