{"id":1912,"date":"2015-09-17T16:08:02","date_gmt":"2015-09-17T14:08:02","guid":{"rendered":"http:\/\/www.cislferrara.it\/?p=1912"},"modified":"2015-09-17T17:32:20","modified_gmt":"2015-09-17T15:32:20","slug":"festival-delle-generazioni","status":"publish","type":"post","link":"https:\/\/www.cislferrara.it\/fr\/festival-delle-generazioni\/","title":{"rendered":"Festival des g\u00e9n\u00e9rations"},"content":{"rendered":"<p style=\"text-align: center;\">L&#039;entr\u00e9e \u00e0 tous les \u00e9v\u00e9nements \u00e9num\u00e9r\u00e9s ci-dessous est gratuite.<\/p>\n<p style=\"text-align: center;\">www.festivaldellegenerazioni.it<\/p>\n<p><small>Le Comit\u00e9 d&#039;organisation du Festival delle Generazioni se r\u00e9serve le droit de modifier le programme apr\u00e8s la parution de ce document. Tout changement de lieu ou d&#039;horaire, ainsi que toute annulation d&#039;\u00e9v\u00e9nement, seront communiqu\u00e9s sans d\u00e9lai par le Secr\u00e9tariat du Festival via les points d&#039;information et le site web.<\/small><br \/>\n<strong>Les lieux du festival<\/strong><\/p>\n<p><strong>\u00a0<\/strong><\/p>\n<p><strong>Salaborsa<\/strong>:<br \/>\n<em>Place Neptune, 3<br \/>\n<\/em>Centre urbain<br \/>\nAuditorium Enzo Biagi<\/p>\n<p><strong>Th\u00e9\u00e2tre de l&#039;auditorium Manzoni<br \/>\n<\/strong><em>Via De&#039; Monari, 1\/2<\/em><\/p>\n<p><strong>Universit\u00e9 de Bologne<\/strong>,<br \/>\n<em>Si\u00e8ge social sur la Piazza San Giovanni in Monte, 2<br \/>\n<\/em>Salle \u201c Giorgio Prodi \u201d<\/p>\n<p><strong>Carr\u00e9s<br \/>\n<\/strong>Place Neptune, <strong>Point d&#039;information du festival<br \/>\n<\/strong>Place principale : <strong>Tente des g\u00e9n\u00e9rations<br \/>\n<\/strong>D&#039;autres places sont pr\u00e9vues pour les kiosques et les points d&#039;information.<\/p>\n<p><strong>Salle des Carrache<\/strong>, Auditorium ASCOM<br \/>\n<em>Strada Maggiore, 23<\/em><\/p>\n<p><strong>Salle CISL \u201c E. Bondioli \u201d<br \/>\n<\/strong><em>Via Milazzo, 16<\/em><\/p>\n<p><strong>Caf\u00e9 Vittorio Emanuele<br \/>\n<\/strong><em>Place Majeure<\/em><\/p>\n<p>&nbsp;<\/p>\n<p><strong>Librairie Mondadori<\/strong><\/p>\n<p>&nbsp;<\/p>\n<p><strong>Palais Accursio, Piazza Maggiore, 6<br \/>\n<\/strong>Portique de la Cour d&#039;Honneur du Palazzo d&#039;Accursio, Exposition photographique<br \/>\nChapelle de la Sala Farnese<\/p>\n<p>&nbsp;<\/p>\n<p><big><strong>PLAN<\/strong><\/big><strong>\u00a0<\/strong><\/p>\n<p>&nbsp;<\/p>\n<p style=\"text-align: center;\"><span style=\"color: #339966;\"><strong><big><span style=\"text-decoration: underline;\">Jeudi 8 octobre<\/span><\/big><\/strong><\/span><\/p>\n<p style=\"text-align: center;\"><strong>\u00a0<\/strong><\/p>\n<p style=\"text-align: center;\"><strong>PROLOGUE <\/strong><\/p>\n<p style=\"text-align: center;\"><strong>16h30 <\/strong><\/p>\n<p style=\"text-align: center;\"><em>Salle CISL \u201c E. Bondioli \u201d<\/em><\/p>\n<p style=\"text-align: center;\"><strong>R\u00e9unions<\/strong><\/p>\n<p style=\"text-align: center;\"><strong>Id\u00e9es, activit\u00e9s et personnes issues des retrait\u00e9s du CISL en \u00c9milie-Romagne<\/strong><\/p>\n<p style=\"text-align: center;\">En racontant l&#039;histoire du FNP Cisl d&#039;\u00c9milie-Romagne \u00e0 travers la lecture de documents et l&#039;\u00e9coute de t\u00e9moignages, cet \u00e9v\u00e9nement sensibilise le public \u00e0 une organisation qui s&#039;est d\u00e9velopp\u00e9e au fil des ans, assumant un r\u00f4le important dans le paysage syndical \u00e9milien-romagnol.<\/p>\n<p style=\"text-align: center;\">Illustrer les id\u00e9es et l&#039;engagement des femmes et des hommes qui ont \u00e9cout\u00e9, aid\u00e9 et soutenu les retrait\u00e9s et les travailleurs, et qui ont repr\u00e9sent\u00e9 leurs besoins.<\/p>\n<p style=\"text-align: center;\">Confier l&#039;histoire \u00e0 trois jeunes gens qui n&#039;existent pas (ou qui existent peut-\u00eatre) permet d&#039;\u00e9viter de s&#039;\u00e9garer et de pr\u00e9senter au lecteur des faits et des \u00e9v\u00e9nements conformes \u00e0 la r\u00e9alit\u00e9.<\/p>\n<p style=\"text-align: center;\"><strong>Marisa Baroni<\/strong><\/p>\n<p style=\"text-align: center;\"><strong>Hannibal Paini<\/strong><\/p>\n<p style=\"text-align: center;\"><strong>Rayon vert<\/strong><\/p>\n<p style=\"text-align: center;\"><em>ils se coordonnent <\/em><\/p>\n<p style=\"text-align: center;\"><strong>Roberto Bolelli<\/strong><\/p>\n<p style=\"text-align: center;\"><strong>Fausto Cuoghi<\/strong><\/p>\n<p style=\"text-align: center;\"><em>cadeaux <strong>Lisa Bellocchi<\/strong><\/em><\/p>\n<p style=\"text-align: center;\"><strong><em>\u00a0<\/em><\/strong><\/p>\n<p style=\"text-align: center;\">ARTS VISUELS<\/p>\n<p style=\"text-align: center;\"><strong>du jeudi 8 octobre au vendredi 16 octobre<\/strong><\/p>\n<p style=\"text-align: center;\"><strong>9h30 \u2013 19h30<\/strong><\/p>\n<p style=\"text-align: center;\"><em>Portique de la Cour d&#039;Honneur du Palazzo d&#039;Accursio<\/em><\/p>\n<p style=\"text-align: center;\"><strong>Vernissage de l&#039;exposition photographique<\/strong><\/p>\n<p style=\"text-align: center;\"><strong>De g\u00e9n\u00e9ration en g\u00e9n\u00e9ration<\/strong><\/p>\n<p style=\"text-align: center;\">Le photographe, <strong>Pippo Onorati<\/strong>, avec l&#039;exposition <em>De g\u00e9n\u00e9ration en g\u00e9n\u00e9ration<\/em>, nous guidera dans un intense voyage photographique qui, traversant notre p\u00e9ninsule, racontera les histoires de 15 couples, jeunes et moins jeunes, leurs exp\u00e9riences, leurs relations au travail et dans la vie.<\/p>\n<p style=\"text-align: center;\"><span style=\"color: #339966;\"><strong><span style=\"text-decoration: underline;\">Vendredi 9 octobre<\/span><\/strong><\/span><\/p>\n<p style=\"text-align: center;\"><strong>MATIN<\/strong><\/p>\n<p style=\"text-align: center;\"><strong>10h00<\/strong><\/p>\n<p style=\"text-align: center;\"><em>Th\u00e9\u00e2tre de l&#039;auditorium Manzoni<\/em><\/p>\n<p style=\"text-align: center;\"><strong>Inauguration du festival<\/strong><\/p>\n<p style=\"text-align: center;\"><strong>Salutations institutionnelles <\/strong><\/p>\n<p style=\"text-align: center;\"><em>Secr\u00e9taire G\u00e9n\u00e9ral FNP CISL \u00c9milie-Romagne<\/em>,<strong> Loris Cavalletti<\/strong><\/p>\n<p style=\"text-align: center;\"><em>Maire de Bologne<\/em>,<strong> Virginio Merola<\/strong><\/p>\n<p style=\"text-align: center;\"><em>Pr\u00e9sident de la r\u00e9gion \u00c9milie-Romagne<\/em>, <strong>Stefano Bonaccini<\/strong><\/p>\n<p style=\"text-align: center;\"><em>Secr\u00e9taire g\u00e9n\u00e9ral FNP CISL<\/em>, <strong>Ermenegildo Bonfanti<\/strong><\/p>\n<p style=\"text-align: center;\"><strong>\u00a0<\/strong><\/p>\n<p style=\"text-align: center;\"><strong>Ni jeunes ni vieux : citoyens<\/strong><\/p>\n<p style=\"text-align: center;\"><em>Lecture de <\/em><strong>Monsieur Phino <\/strong><\/p>\n<p style=\"text-align: center;\"><strong>\u00a0<\/strong><\/p>\n<p style=\"text-align: center;\"><strong>(PR\u00c9)VISIONS POUR L&#039;AVENIR<\/strong><\/p>\n<p style=\"text-align: center;\"><strong>La cha\u00eene des g\u00e9n\u00e9rations : politique et citoyennet\u00e9<\/strong><\/p>\n<p style=\"text-align: center;\"><strong>Remo Bodei<\/strong>, <em>Philosophe et professeur d&#039;universit\u00e9<\/em><\/p>\n<p style=\"text-align: center;\"><em>Lectio Magistralis<\/em><\/p>\n<p style=\"text-align: center;\"><strong>CE.N.TR.O.21 Chorale Onlus<\/strong><\/p>\n<p style=\"text-align: center;\">R\u00e9alis\u00e9 par <strong>Luigi Tramuto<\/strong><\/p>\n<p style=\"text-align: center;\">Le National Center for Trisomy 21 Beyond Diversity est une association b\u00e9n\u00e9vole qui vise \u00e0 sensibiliser le public au syndrome de Down.<\/p>\n<p style=\"text-align: center;\">Le ch\u0153ur CE.N.TR.O. 21 met l&#039;accent sur le chant et la place centrale des enfants en tant que protagonistes essentiels de ce ch\u0153ur particulier, afin de procurer des \u00e9motions fortes et un enrichissement humain extraordinaire.<\/p>\n<p style=\"text-align: center;\">LE FUTUR EST D\u00c9J\u00c0 HIER<\/p>\n<p style=\"text-align: center;\"><em>\u00e9dit\u00e9 par <\/em><strong>Marco Stancati<\/strong><\/p>\n<p style=\"text-align: center;\"><em>LABORATOIRES<\/em><\/p>\n<p style=\"text-align: center;\"><strong>10h30 <\/strong>\u2013<strong> 11.30<\/strong><\/p>\n<p style=\"text-align: center;\"><em>Auditorium \u201c Enzo Biagi \u201d \u00e0 Salaborsa<\/em><\/p>\n<p style=\"text-align: center;\"><strong>La Twliterature est un ph\u00e9nom\u00e8ne interg\u00e9n\u00e9rationnel.<\/strong><\/p>\n<p style=\"text-align: center;\"><strong>Donc pour tout le monde : analogique et num\u00e9rique<\/strong><\/p>\n<p style=\"text-align: center;\">Avec TwLetteratura, nous explorons la possibilit\u00e9 de promouvoir la lecture et de sensibiliser le public \u00e0 cette discipline en alliant le pouvoir d&#039;attraction de la litt\u00e9rature \u00e0 la puissance de Twitter\u00a0: l&#039;imm\u00e9diatet\u00e9, la rapidit\u00e9 et la concision. Dans un pays comme l&#039;Italie, o\u00f9 la lecture est encore peu r\u00e9pandue, l&#039;envie de lire peut \u00eatre stimul\u00e9e gr\u00e2ce \u00e0 des outils \u00e0 la port\u00e9e de tous\u00a0: un livre, un smartphone (ou une tablette, ou un ordinateur), une connexion internet et un compte Twitter. Depuis trois ans, TwLetteratura rassemble des milliers de passionn\u00e9s de lecture (et d&#039;autres personnes) autour de jeux de lecture et de r\u00e9\u00e9criture de textes litt\u00e9raires sur Twitter, donnant ainsi naissance \u00e0 de nouvelles formes d&#039;expression artistique. Notre objectif est de maintenir la culture populaire vivante et d&#039;innover dans l&#039;enseignement gr\u00e2ce \u00e0 un mod\u00e8le d&#039;apprentissage stimulant qui combine technologies traditionnelles et num\u00e9riques.<\/p>\n<p style=\"text-align: center;\">Au Festival delle Generazioni de Bologne, TwLetteratura pr\u00e9sente avec le hashtag \u201c<strong>#TwAusten<\/strong>\u201d la r\u00e9\u00e9criture de <em>Orgueil et Pr\u00e9jug\u00e9s<\/em> d&#039;Austen et <strong>#LabExpo <\/strong>la r\u00e9\u00e9criture, en collaboration avec la Fondation Feltrinelli, du \u201c<em>Pacte pour la science<\/em>\u201d, par la Fondation elle-m\u00eame, publi\u00e9 \u00e0 l\u2019occasion d\u2019Expo2015.<\/p>\n<p style=\"text-align: center;\">De plus, \u00e0 Bologne, nous dirons \u201c<strong>Betwyll<\/strong>\u201d&quot;: l&#039;application num\u00e9rique sp\u00e9cialement d\u00e9di\u00e9e aux exercices de lecture et de r\u00e9\u00e9criture s\u00e9lectionn\u00e9s selon la m\u00e9thode TwLetteratura.<\/p>\n<p style=\"text-align: center;\">Vous en saurez plus le 9 octobre !<\/p>\n<p style=\"text-align: center;\"><strong>Paul Costa<\/strong><\/p>\n<p style=\"text-align: center;\"><strong>\u00c9douard Mont\u00e9n\u00e9gro<\/strong><\/p>\n<p style=\"text-align: center;\"><strong>Pierluigi Vaccaneo<\/strong><\/p>\n<p style=\"text-align: center;\"><strong>\u00a0<\/strong><\/p>\n<p style=\"text-align: center;\"><em>avec la participation des \u00e9coles <\/em><\/p>\n<p style=\"text-align: center;\">MARATHON DES \u00c9CRIVAIN<\/p>\n<p style=\"text-align: center;\"><strong>11h00 \u2013 12h00<\/strong><\/p>\n<p style=\"text-align: center;\"><em>Librairie Mondadori<\/em><\/p>\n<p style=\"text-align: center;\"><strong>Aper\u00e7u du nouveau livre, publi\u00e9 par Rizzoli<\/strong>,<strong> \u201c L\u2019enfant m\u00e2le \u201d <\/strong><\/p>\n<p style=\"text-align: center;\">De<strong> Giuseppina Torregrossa<\/strong><\/p>\n<p style=\"text-align: center;\"><em>coordonn\u00e9es <\/em><strong>Francesco Durante<\/strong><\/p>\n<p style=\"text-align: center;\">\u00c9V\u00c9NEMENTS SP\u00c9CIAUX<\/p>\n<p style=\"text-align: center;\"><strong>11h00 <\/strong><\/p>\n<p style=\"text-align: center;\"><em>Universit\u00e9 de Bologne, salle Giorgio Prodi<\/em><\/p>\n<p style=\"text-align: center;\"><strong><em>Comment travailler dans l&#039;industrie musicale aujourd&#039;hui\u00a0? De l&#039;autoproduction \u00e0 l&#039;autopromotion.<\/em><\/strong><\/p>\n<p style=\"text-align: center;\">Atelier MEI<\/p>\n<p style=\"text-align: center;\"><strong>Alberto Quadri<\/strong><\/p>\n<p style=\"text-align: center;\"><strong>Jordan Sangiorgi <\/strong><\/p>\n<p style=\"text-align: center;\"><strong>\u00a0<\/strong><\/p>\n<p style=\"text-align: center;\"><strong>APR\u00c8S-MIDI<\/strong><\/p>\n<p style=\"text-align: center;\"><strong>\u00a0<\/strong><\/p>\n<p style=\"text-align: center;\">TABLE RONDE<\/p>\n<p style=\"text-align: center;\"><strong>15h30 \u2013 17h00 <\/strong><\/p>\n<p style=\"text-align: center;\"><em>Auditorium \u201c Enzo Biagi \u201d Salaborsa<\/em><\/p>\n<p style=\"text-align: center;\"><strong><em>LOI SUR L&#039;EMPLOI\u00a0: Comment le travail \u00e9volue-t-il\u00a0?<\/em><\/strong><\/p>\n<p style=\"text-align: center;\">La loi JOBS ACT, ou loi n\u00b0 184 de 2014 et ses dispositions d&#039;application, pourrait-elle v\u00e9ritablement repr\u00e9senter un tournant dans la l\u00e9gislation du travail et \u00eatre capable de fa\u00e7onner les tendances de l&#039;emploi\u00a0?<\/p>\n<p style=\"text-align: center;\">Comment le monde du travail a-t-il \u00e9volu\u00e9 aujourd&#039;hui\u00a0? La strat\u00e9gie d\u00e9finie par le JOBS ACT pour faciliter l&#039;acc\u00e8s au march\u00e9 du travail et relancer la croissance de l&#039;emploi est-elle r\u00e9ellement efficace\u00a0? Cette loi permettra-t-elle aux entreprises d&#039;embaucher et, surtout, d&#039;aider notre pays \u00e0 renouer avec la croissance\u00a0?<\/p>\n<p style=\"text-align: center;\">En d\u00e9finitive, quelle serait la meilleure fa\u00e7on d&#039;int\u00e9grer les jeunes sans emploi ou en recherche d&#039;emploi au march\u00e9 du travail\u00a0? Par ailleurs, quel programme de formation permettrait d&#039;int\u00e9grer efficacement les jeunes au march\u00e9 du travail\u00a0?<\/p>\n<p style=\"text-align: center;\">On parle aussi d&#039;assouplissement des r\u00e8gles de sortie du march\u00e9 du travail et de r\u00e9vision de la loi Fornero. Quel est le lien avec les relations interg\u00e9n\u00e9rationnelles\u00a0? Peut-on envisager le roulement du personnel comme une collaboration entre les jeunes qui entrent sur le march\u00e9 du travail et les personnes plus \u00e2g\u00e9es qui peuvent leur transmettre leur savoir-faire\u00a0?<\/p>\n<p style=\"text-align: center;\">La table ronde portera sur ces th\u00e8mes et les sc\u00e9narios futurs qui se dessinent.<\/p>\n<p style=\"text-align: center;\"><strong>Francesco Basenghi<\/strong>,<em> Professeur d&#039;\u00e9conomie, Universit\u00e9 de Mod\u00e8ne et de Reggio Emilia <\/em><\/p>\n<p style=\"text-align: center;\"><strong>julien<\/strong> <strong>Cazzola<\/strong>, <em>Expert en protection sociale et march\u00e9 du travail <\/em><\/p>\n<p style=\"text-align: center;\"><strong>Anna Maria Furlan<\/strong>, <em>Secr\u00e9taire g\u00e9n\u00e9ral du CISL<\/em><\/p>\n<p style=\"text-align: center;\"><strong>Patricia Tullini<\/strong><em>, Professeur de droit du travail \u00e0 l&#039;Universit\u00e9 de Bologne<\/em><\/p>\n<p style=\"text-align: center;\"><strong>Tom Davis<\/strong>, <em>PDG de Soleir <\/em><\/p>\n<p style=\"text-align: center;\"><em>et avec la participation du ministre du Travail et des Affaires sociales, <\/em><strong>Julian Poletti<\/strong><em>, <\/em><\/p>\n<p style=\"text-align: center;\"><em>coordonn\u00e9es <\/em><strong>Davide Nitrosi<\/strong>, <em>R\u00e9dacteur en chef politique et \u00e9conomique de QN<\/em><\/p>\n<p style=\"text-align: center;\"><em>\u00a0<\/em><\/p>\n<p style=\"text-align: center;\">avec le patronage de <em>Fondation Marco Biagi<\/em><\/p>\n<p style=\"text-align: center;\">MARATHON DES \u00c9CRIVAIN<\/p>\n<p style=\"text-align: center;\"><strong>16h30 \u2013 17h30<\/strong><\/p>\n<p style=\"text-align: center;\"><em>Chapelle de la Salle Farn\u00e8se, Palais d&#039;Accursio<\/em><\/p>\n<p style=\"text-align: center;\"><strong>Silvia Truzzi<\/strong><\/p>\n<p style=\"text-align: center;\"><strong>Gherardo Colombo<\/strong><\/p>\n<p style=\"text-align: center;\"><em>coordonn\u00e9es <\/em><\/p>\n<p style=\"text-align: center;\"><strong>Francesco Durante<\/strong><\/p>\n<p style=\"text-align: center;\">LE FUTUR EST D\u00c9J\u00c0 HIER<\/p>\n<p style=\"text-align: center;\"><em>\u00e9dit\u00e9 par <strong>Marco Stancati<\/strong><\/em><\/p>\n<p style=\"text-align: center;\"><em>LABORATOIRES<\/em><\/p>\n<p style=\"text-align: center;\"><strong>#PrainingWords<\/strong><\/p>\n<p style=\"text-align: center;\">Atelier d&#039;\u00e9criture<\/p>\n<p style=\"text-align: center;\"><strong>16h30 \u2013 18h30<\/strong><\/p>\n<p style=\"text-align: center;\"><em>Universit\u00e9 de Bologne, salle Giorgio Prodi<\/em><\/p>\n<p style=\"text-align: center;\"><strong>#Prinowords tombent sur le corps en mouvement<\/strong><\/p>\n<p style=\"text-align: center;\">L&#039;effort physique, les limites et leur d\u00e9passement dans la litt\u00e9rature d&#039;hier et d&#039;aujourd&#039;hui. Conf\u00e9rence et atelier anim\u00e9s par Marco Ballestracci, qui proposera un cours d&#039;\u00e9criture durant la premi\u00e8re heure\u00a0; la seconde heure sera consacr\u00e9e aux \u00e9changes avec le public, avec des lectures et des discussions autour des travaux r\u00e9alis\u00e9s par les \u00e9tudiants, ainsi que des interventions des enseignants qui les ont encadr\u00e9s.<\/p>\n<p style=\"text-align: center;\"><em>Avec<\/em><strong> Marco Ballestracci<\/strong><\/p>\n<p style=\"text-align: center;\"><em>\u00e9dit\u00e9 par<\/em> <strong>Roberta Lepri<\/strong><\/p>\n<p style=\"text-align: center;\"><em>en collaboration avec<\/em> <strong>\u00c9cole Twain<\/strong> <em>Et <\/em><strong>Lyc\u00e9e scientifique G. Marconi <\/strong>De<strong> Grosseto <\/strong><\/p>\n<p style=\"text-align: center;\">\u00c9V\u00c9NEMENTS SP\u00c9CIAUX<\/p>\n<p style=\"text-align: center;\"><strong>17h00 \u2013 18h00<\/strong><\/p>\n<p style=\"text-align: center;\"><em>Tente des g\u00e9n\u00e9rations, Piazza Maggiore<\/em><\/p>\n<p style=\"text-align: center;\"><strong>Les r\u00e9unions sur la Piazza Grande<\/strong><\/p>\n<p style=\"text-align: center;\"><strong>(PR\u00c9)VISIONS POUR L&#039;AVENIR<\/strong><\/p>\n<p style=\"text-align: center;\"><strong>Drames actuels et espoirs futurs<\/strong><\/p>\n<p style=\"text-align: center;\"><strong>Romano Prodi<\/strong>, <em>\u00c9conomiste et universitaire<\/em><\/p>\n<p style=\"text-align: center;\"><em>Interview par <\/em><strong>Andrea Cangini<\/strong><em>, <\/em>Directeur du Resto del Carlino et QN<\/p>\n<p style=\"text-align: center;\"><strong>\u00a0<\/strong><\/p>\n<p style=\"text-align: center;\">\u00e0 suivre<\/p>\n<p style=\"text-align: center;\"><strong>\u00a0<\/strong><\/p>\n<p style=\"text-align: center;\"><strong>19h00<\/strong><\/p>\n<p style=\"text-align: center;\">LE FUTUR EST D\u00c9J\u00c0 HIER<\/p>\n<p style=\"text-align: center;\">Spectacle en direct<\/p>\n<p style=\"text-align: center;\"><strong>PopEconomix<\/strong><\/p>\n<p style=\"text-align: center;\">Comment la crise \u00e9conomique mondiale est-elle apparue\u00a0? Comment fonctionnent les bulles financi\u00e8res\u00a0?<\/p>\n<p style=\"text-align: center;\">Comment la crise partie des \u00c9tats-Unis a-t-elle atteint l&#039;Europe ?<\/p>\n<p style=\"text-align: center;\">L\u2019aust\u00e9rit\u00e9 est-elle bonne pour nous\u00a0? Qui en est responsable\u00a0? Et ne sommes-nous que de simples victimes innocentes\u00a0?<\/p>\n<p style=\"text-align: center;\">Pop Economix Live Show est un spectacle qui relate la crise mondiale que nous traversons\u00a0: il le fait de mani\u00e8re simple, divertissante et actuelle, \u00e0 travers le regard d\u2019un narrateur. Un r\u00e9cit th\u00e9\u00e2tral sur l\u2019engagement citoyen, \u00e0 la fois comique et dramatique.<\/p>\n<p style=\"text-align: center;\">Pop Economix est un grand r\u00e9cit collectif pour retrouver le fil de notre m\u00e9moire, pour reconstituer les faits, les noms et les m\u00e9canismes qui, sans m\u00eame que nous nous en rendions compte, ont boulevers\u00e9 notre monde et nos espoirs ces quinze derni\u00e8res ann\u00e9es. Pour comprendre pourquoi plus rien ne semble pareil, et pour enfin d\u00e9cider de devenir les protagonistes de cette histoire.<\/p>\n<p style=\"text-align: center;\"><em>Avec<\/em> <strong>Alberto Pagliarino<\/strong><\/p>\n<p style=\"text-align: center;\"><em>De <\/em><strong>Alberto Pagliarino<\/strong>, <strong>Nadia Lambiase<\/strong><em>, <\/em><strong>Paul Piacenza<\/strong><\/p>\n<p style=\"text-align: center;\"><strong>SOIR\u00c9E<\/strong><\/p>\n<p style=\"text-align: center;\">\u00c9V\u00c9NEMENTS MAJEURS<\/p>\n<p style=\"text-align: center;\">CONCERTS<\/p>\n<p style=\"text-align: center;\"><strong>21h00<\/strong><\/p>\n<p style=\"text-align: center;\"><em>Th\u00e9\u00e2tre de l&#039;auditorium Manzoni<\/em><\/p>\n<p style=\"text-align: center;\"><strong>G\u00e9n\u00e9rations en musique<\/strong><\/p>\n<p style=\"text-align: center;\">Un super concert avec<\/p>\n<p style=\"text-align: center;\"><strong>Eugenio Bennato <\/strong>Et<strong> Sonia Totaro<\/strong><\/p>\n<p style=\"text-align: center;\"><strong>Beppe Carletti <\/strong>Et <strong>Sabrina Dolci<\/strong><\/p>\n<p style=\"text-align: center;\"><strong>Andrea Mingardi <\/strong>Et <strong>Silvia De Santis<\/strong><\/p>\n<p style=\"text-align: center;\"><strong>Omar Pedrini <\/strong>avec<strong> La sonde Fermo <\/strong>Et<strong> Gregor Ferretti<\/strong><\/p>\n<p style=\"text-align: center;\"><em>C\u00e9r\u00e9monie de remise des prix aux laur\u00e9ats de la cinqui\u00e8me \u00e9dition<\/em><\/p>\n<p style=\"text-align: center;\"><strong>\u201c Votre musique pour le travail \u201d<\/strong><\/p>\n<p style=\"text-align: center;\">La CISL et la FISTel d&#039;\u00c9milie-Romagne ainsi que la MEI (R\u00e9union des labels ind\u00e9pendants) promeuvent, par le biais de Radio Fly Web, le prix national \u201c Votre musique pour le travail \u201d pour la chanson qui aborde le mieux le th\u00e8me du travail et les probl\u00e8mes sociaux qui y sont li\u00e9s.<\/p>\n<p style=\"text-align: center;\">L\u2019objectif est d\u2019encourager les jeunes, par le biais de la musique, \u00e0 r\u00e9fl\u00e9chir sur le monde du travail dans son ensemble.<\/p>\n<p style=\"text-align: center;\"><em>Cadeaux <\/em><strong>Maria Cristina Zoppa<\/strong><em>, Radio Rai<\/em><\/p>\n<p style=\"text-align: center;\"><strong>\u00a0<\/strong><\/p>\n<p style=\"text-align: center;\">\u00c9V\u00c9NEMENTS SP\u00c9CIAUX<\/p>\n<p style=\"text-align: center;\"><strong>21h30<\/strong><\/p>\n<p style=\"text-align: center;\"><em>Tente des g\u00e9n\u00e9rations, Piazza Maggiore<\/em><\/p>\n<p style=\"text-align: center;\"><strong>Chansons et g\u00e9n\u00e9rations<\/strong><\/p>\n<p style=\"text-align: center;\"><em>Les protagonistes du festival racontent leur histoire en chanson<\/em><\/p>\n<p style=\"text-align: center;\"><em>coordonn\u00e9es <\/em><strong>Francesco Durante<\/strong><\/p>\n<p style=\"text-align: center;\"><em>Musique par<\/em> <strong>Les Virtuoses de San Martino<\/strong><\/p>\n<p style=\"text-align: center;\"><strong><em>\u00a0<\/em><\/strong><\/p>\n<p style=\"text-align: center;\">\u00e0 suivre<\/p>\n<p style=\"text-align: center;\"><strong>23h00<\/strong><\/p>\n<p style=\"text-align: center;\"><strong>Kiosque \u00e0 journaux de nuit<\/strong><\/p>\n<p style=\"text-align: center;\">Lire les journaux<\/p>\n<p style=\"text-align: center;\"><em>supervision artistique<\/em> <strong>Alessandra Rossi Ghiglione<\/strong><\/p>\n<p style=\"text-align: center;\"><em>collaboration scientifique <\/em><strong>Roberto Burlando <\/strong><em>Et <\/em><strong>Marco Ferrando<\/strong><\/p>\n<p style=\"text-align: center;\"><em>R\u00e9alis\u00e9 par<\/em> <strong>Alessandra Rossi Ghiglione<\/strong><\/p>\n<p style=\"text-align: center;\">avec<strong> Giampiero <\/strong>Moscato, <em>Ansa Emilia Romagna<\/em><\/p>\n<p style=\"text-align: center;\"><em>\u00e9dit\u00e9 par <\/em><strong>Francesco Durante<\/strong><\/p>\n<p style=\"text-align: center;\"><em>\u00a0<\/em><\/p>\n<p style=\"text-align: center;\"><span style=\"color: #339966;\"><strong><span style=\"text-decoration: underline;\">Samedi 10 octobre<\/span><\/strong><\/span><\/p>\n<p style=\"text-align: center;\"><strong>\u00a0<\/strong><\/p>\n<p style=\"text-align: center;\"><strong>MATIN<\/strong><\/p>\n<p style=\"text-align: center;\">CAF\u00c9 DU KIOSQUE \u00c0 JOURNAUX\u2019<\/p>\n<p style=\"text-align: center;\"><strong>9h30 \u2013 10h30<\/strong><\/p>\n<p style=\"text-align: center;\"><em>Caf\u00e9 Vittorio Emanuele<\/em><\/p>\n<p style=\"text-align: center;\"><strong>Lire les journaux<\/strong><\/p>\n<p style=\"text-align: center;\"><strong>Marco Sacchetti<\/strong><em>, chef de l&#039;agence DIRE \u00c9milie-Romagne<\/em><\/p>\n<p style=\"text-align: center;\"><em>\u00a0<\/em><\/p>\n<p style=\"text-align: center;\">\u00c9V\u00c9NEMENTS SP\u00c9CIAUX<\/p>\n<p style=\"text-align: center;\"><strong>10h00<\/strong><\/p>\n<p style=\"text-align: center;\"><em>Place Majeure<\/em><\/p>\n<p style=\"text-align: center;\"><strong>G\u00e9n\u00e9rations et sport<\/strong><\/p>\n<p style=\"text-align: center;\"><strong>Marathon des g\u00e9n\u00e9rations<\/strong><\/p>\n<p style=\"text-align: center;\">Une promenade r\u00e9cr\u00e9ative de 5 km dans le centre de Bologne.<\/p>\n<p style=\"text-align: center;\">Le sport est synonyme non seulement de bien-\u00eatre et de sant\u00e9, mais aussi de solidarit\u00e9. C\u2019est dans cet esprit que le Festival delle Generazioni a organis\u00e9 le marathon, dont les b\u00e9n\u00e9fices seront revers\u00e9s \u00e0\u2026 <strong>\u201c La Maison des \u00c9veils de Luca De Nigris \u201d, <\/strong>Un centre d&#039;assistance publique et de recherche de l&#039;Autorit\u00e9 sanitaire locale de Bologne, ayant pour objectif de donner la parole aux personnes souffrant de s\u00e9quelles de coma et de soutenir leurs familles gr\u00e2ce \u00e0 une campagne de collecte de fonds permettant de financer des dispositifs d&#039;assistance adapt\u00e9s.<\/p>\n<p style=\"text-align: center;\"><em>en collaboration avec <\/em><strong>Association \u201c\u00a0Amis de Luca Onlus\u00a0\u201d<\/strong>,<strong> Courir avec nous <\/strong>Et <strong>CSI provincial de Bologne<\/strong><\/p>\n<p style=\"text-align: center;\"><strong>\u00a0<\/strong><\/p>\n<p style=\"text-align: center;\">LE FUTUR EST D\u00c9J\u00c0 HIER<\/p>\n<p style=\"text-align: center;\"><em>\u00e9dit\u00e9 par <\/em><strong>Marco Stancati<\/strong><\/p>\n<p style=\"text-align: center;\"><em>LABORATOIRES<\/em><\/p>\n<p style=\"text-align: center;\"><strong>Les mots et les images pour le dire<\/strong><\/p>\n<p style=\"text-align: center;\"><strong>10h30 \u2013 12h00<\/strong><\/p>\n<p style=\"text-align: center;\"><em>Universit\u00e9 de Bologne, salle Giorgio Prodi<\/em><\/p>\n<p style=\"text-align: center;\"><strong><em>Immigration<\/em><\/strong><\/p>\n<p style=\"text-align: center;\">\u00a0\u201cNous sommes tous \u201d\u00a0de couleur\u00a0\u201c, alors pourquoi n&#039;appeler ainsi que les \u201d\u00a0Noirs\u00a0\u00bb\u00a0? C&#039;est un v\u00e9ritable raz-de-mar\u00e9e humain. Dans l&#039;imaginaire collectif, le sauvetage de r\u00e9fugi\u00e9s naufrag\u00e9s est associ\u00e9 \u00e0 une catastrophe.<\/p>\n<p style=\"text-align: center;\">Plus de trois cents mots et expressions de ce type sont analys\u00e9s sur le site \u201c\u00a0Parlare civile\u00a0\u201d. Ce sont les plus utilis\u00e9s dans les m\u00e9dias et le langage courant. L\u2019immigration constitue la section la plus importante du site, avec 70 fiches lexicales, allant d\u201c\u201d\u00a0ill\u00e9gal\u00a0\u201c \u00e0 \u201d\u00a0r\u00e9fugi\u00e9\u00a0\u201c en passant par \u201d\u00a0brutal\u00a0\u201c et \u00ab\u00a0titre de s\u00e9jour\u00a0\u00bb. Face aux \u00e9tiquettes les plus courantes, telles que \u00ab\u00a0immigrant ill\u00e9gal\u00a0\u00bb, \u00ab\u00a0v\u00f9 cumpr\u00e0\u00a0\u00bb et \u00ab\u00a0nomades\u00a0\u00bb, nous nous effor\u00e7ons toujours de proposer des alternatives.<\/p>\n<p style=\"text-align: center;\">Mais les images, bien plus que les mots, cr\u00e9ent des \u00e9tiquettes et des g\u00e9n\u00e9ralisations sur des ph\u00e9nom\u00e8nes sociaux complexes qui concernent les groupes les plus faibles ou minoritaires de la population.<\/p>\n<p style=\"text-align: center;\"><em>Avec<\/em> <strong>Raffaella Cosentino<\/strong><\/p>\n<p style=\"text-align: center;\"><em>\u00c9v\u00e9nement de formation valable pour l&#039;Ordre des journalistes d&#039;\u00c9milie-Romagne<\/em><\/p>\n<p style=\"text-align: center;\"><strong>\u00a0<\/strong><\/p>\n<p style=\"text-align: center;\"><strong>\u00a0<\/strong><\/p>\n<p style=\"text-align: center;\">\u00c9V\u00c9NEMENTS SP\u00c9CIAUX<\/p>\n<p style=\"text-align: center;\"><strong>10h30<\/strong><\/p>\n<p style=\"text-align: center;\"><em>Salle Carracci, Auditorium Ascom<\/em><\/p>\n<p style=\"text-align: center;\">Atelier MEI<\/p>\n<p style=\"text-align: center;\"><strong>50 ans de clips vid\u00e9o en Italie <\/strong><\/p>\n<p style=\"text-align: center;\"><strong>Christian Battiferro<\/strong>, <em>Directeur<\/em><\/p>\n<p style=\"text-align: center;\"><strong>Fabrizio Galassi<\/strong>, <em>Journaliste et enseignante en nouveaux m\u00e9dias et journalisme web<\/em><\/p>\n<p style=\"text-align: center;\">TABLE RONDE<\/p>\n<p style=\"text-align: center;\"><strong>11h00<\/strong><\/p>\n<p style=\"text-align: center;\"><em>Auditorium \u201c Enzo Biagi \u201d \u00e0 Salaborsa<\/em><\/p>\n<p style=\"text-align: center;\"><strong>Aide sociale et prise en charge : travailler dans les services sociaux aujourd&#039;hui <\/strong><\/p>\n<p style=\"text-align: center;\">En temps de crise, le travail social est une ressource pour l&#039;avenir.<\/p>\n<p style=\"text-align: center;\">Nous parlons de coop\u00e9ratives et d&#039;associations qui, en optimisant les investissements humains et professionnels, cherchent \u00e0 r\u00e9duire les co\u00fbts et \u00e0 contribuer \u00e0 la rationalisation des d\u00e9penses publiques.<\/p>\n<p style=\"text-align: center;\">Nous parlons de travail social, qui \u0153uvre \u00e0 prot\u00e9ger les droits des plus vuln\u00e9rables : les personnes \u00e2g\u00e9es, les r\u00e9fugi\u00e9s, les demandeurs d&#039;asile, les toxicomanes ou les alcooliques, et tous ces groupes vuln\u00e9rables actuellement contraints de faire face \u00e0 une r\u00e9duction des politiques sociales et des ressources qui leur sont allou\u00e9es.<\/p>\n<p style=\"text-align: center;\">Nous abordons notamment la question des personnes \u00e2g\u00e9es non autonomes, le r\u00f4le central de la famille et l&#039;acc\u00e8s aux soins, ainsi que le r\u00f4le des intervenants familiaux et des aidants.<\/p>\n<p style=\"text-align: center;\">Nous aimerions parler des questions sociales AUJOURD&#039;HUI, afin de pouvoir choisir d&#039;investir dans le bien-\u00eatre social, en faisant un choix clairvoyant capable de mettre en \u0153uvre une politique d&#039;inclusion, de pr\u00e9vention et non pas seulement de r\u00e9ponse aux situations d&#039;urgence.<\/p>\n<p style=\"text-align: center;\">Nous souhaitons aborder le sujet du travail social car il forge de nouvelles formes de solidarit\u00e9 et \u0153uvre pour le bien commun, en diffusant une culture de coh\u00e9sion. En effet, penser solidairement, en mobilisant les acteurs sociaux, institutionnels, civiques et \u00e9conomiques, permet de construire des communaut\u00e9s plus ouvertes et accueillantes.<\/p>\n<p style=\"text-align: center;\">Travailler dans le social aujourd&#039;hui signifie, outre de nouvelles opportunit\u00e9s d&#039;emploi, notamment pour les jeunes, un lien de plus en plus fort avec cette part d&#039;humanit\u00e9 qui nous permet de nous rappeler que nous sommes des \u00eatres humains et qu&#039;\u00e0 ce titre, nous ne pouvons que coop\u00e9rer pour essayer d&#039;am\u00e9liorer notre plan\u00e8te et de mettre en place un syst\u00e8me de protection sociale qui place l&#039;humain au centre.<\/p>\n<p style=\"text-align: center;\"><strong>Franca Biondelli<\/strong>, <em>S\u00e9nateur et sous-secr\u00e9taire d&#039;\u00c9tat au minist\u00e8re du Travail <\/em><\/p>\n<p style=\"text-align: center;\"><strong>Flavia Franzoni<\/strong><em>, Comit\u00e9 scientifique de l&#039;IRESS<\/em><\/p>\n<p style=\"text-align: center;\"><strong>Maurizia Martinelli<\/strong>, <em>Secr\u00e9taire du syndicat CISL \u00c9milie-Romagne, charg\u00e9 des politiques sociales<\/em><\/p>\n<p style=\"text-align: center;\"><strong>Hubert Jaoui<\/strong><em>, \u00c9crivain et fondateur de l&#039;association GIMCA de Paris<\/em><\/p>\n<p style=\"text-align: center;\"><strong>Luca Romano<\/strong><em>, Directeur du r\u00e9seau local<\/em><\/p>\n<p style=\"text-align: center;\"><strong>Lella Palladino<\/strong>, <em>Pr\u00e9sidente de la coop\u00e9rative Eva, Association DiRe<\/em><\/p>\n<p style=\"text-align: center;\"><em>coordonn\u00e9es <strong>Annarita Incerti<\/strong>, directeur de l&#039;agence AGI \u00c9milie-Romagne<\/em><\/p>\n<p style=\"text-align: center;\">\u00c9V\u00c9NEMENTS SP\u00c9CIAUX<\/p>\n<p style=\"text-align: center;\"><strong>11h00 \u2013 12h00<\/strong><\/p>\n<p style=\"text-align: center;\"><em>Tente des g\u00e9n\u00e9rations, Piazza Maggiore<\/em><\/p>\n<p style=\"text-align: center;\"><strong>R\u00e9unions sur la Piazza Grande<\/strong><\/p>\n<p style=\"text-align: center;\"><strong>\u00a0(PR\u00c9)VISIONS POUR L&#039;AVENIR<\/strong><\/p>\n<p style=\"text-align: center;\"><strong>Un regard en arri\u00e8re sur le pass\u00e9<\/strong><\/p>\n<p style=\"text-align: center;\"><strong>Eva Cantarella<\/strong>, <em>Juriste, \u00e9crivain et historien<\/em><\/p>\n<p style=\"text-align: center;\"><em>Interview par <\/em><strong>Francesco Durante<\/strong><\/p>\n<p style=\"text-align: center;\"><strong>APR\u00c8S-MIDI <\/strong><\/p>\n<p style=\"text-align: center;\">\u00c9V\u00c9NEMENTS SP\u00c9CIAUX<\/p>\n<p style=\"text-align: center;\"><strong>15h30<\/strong><\/p>\n<p style=\"text-align: center;\"><em>Tente des g\u00e9n\u00e9rations, Piazza Maggiore<\/em><\/p>\n<p style=\"text-align: center;\"><strong>Atelier de cr\u00e9ativit\u00e9 : \u00c2ge chronologique vs. \u00e2ge r\u00e9el<\/strong><\/p>\n<p style=\"text-align: center;\">La cr\u00e9ativit\u00e9 est une capacit\u00e9 inn\u00e9e. Malheureusement, pour diverses raisons, cette aptitude est tellement entrav\u00e9e que beaucoup se croient incapables de cr\u00e9ativit\u00e9. Pourtant, m\u00eame inexploit\u00e9e pendant des ann\u00e9es, voire des d\u00e9cennies, notre cr\u00e9ativit\u00e9, comme le d\u00e9montrent de r\u00e9centes \u00e9tudes en neurosciences, peut \u00eatre lib\u00e9r\u00e9e et d\u00e9velopp\u00e9e \u00e0 tout \u00e2ge. De nouveaux neurones peuvent se former, \u00e0 condition d&#039;y mettre du sien, avec des cons\u00e9quences b\u00e9n\u00e9fiques non seulement pour notre psychisme, mais aussi pour notre sant\u00e9.<\/p>\n<p style=\"text-align: center;\">Cet atelier sera un terrain d&#039;entra\u00eenement o\u00f9 vous serez invit\u00e9 \u00e0 r\u00e9aliser des exercices qui vous permettront de d\u00e9couvrir le \u201c tr\u00e9sor cach\u00e9 entre vos oreilles \u201d et d&#039;apprendre des astuces et des techniques simples pour g\u00e9n\u00e9rer des id\u00e9es originales et faire mille d\u00e9couvertes qui pourront enrichir votre vie quotidienne, tant personnelle que sociale.<\/p>\n<p style=\"text-align: center;\"><em>\u00e9dit\u00e9 par<\/em><strong> Hubert Jaoui<\/strong><\/p>\n<p style=\"text-align: center;\"><strong>\u00a0<\/strong><\/p>\n<p style=\"text-align: center;\">MARATHON DES \u00c9CRIVAIN<\/p>\n<p style=\"text-align: center;\"><strong>15h30 \u2013 16h30<\/strong><\/p>\n<p style=\"text-align: center;\"><em>Librairie Mondadori<\/em><\/p>\n<p style=\"text-align: center;\"><strong>Nicola Lagioia<\/strong><\/p>\n<p style=\"text-align: center;\"><strong>Antonio Scurati<\/strong><\/p>\n<p style=\"text-align: center;\"><em>coordonn\u00e9es <strong>Francesco Durante<\/strong><\/em><\/p>\n<p style=\"text-align: center;\"><strong>\u00a0<\/strong><\/p>\n<p style=\"text-align: center;\">CAPITAL HUMAIN<\/p>\n<p style=\"text-align: center;\"><strong>16h30 <\/strong><\/p>\n<p style=\"text-align: center;\"><em>Centre urbain de Salaborsa<\/em><\/p>\n<p style=\"text-align: center;\"><strong>G\u00e9n\u00e9rations et politique : communication, id\u00e9es, villes<\/strong><\/p>\n<p style=\"text-align: center;\">Comment la communication politique a \u00e9volu\u00e9 au fil du temps<\/p>\n<p style=\"text-align: center;\"><strong><em>Antonio La Forgia<\/em><\/strong><em>, ancien pr\u00e9sident de la r\u00e9gion \u00c9milie-Romagne <\/em><\/p>\n<p style=\"text-align: center;\"><strong><em>Matthew Lepore<\/em><\/strong><em>, Conseiller municipal de Bologne<\/em><\/p>\n<p style=\"text-align: center;\"><em>coordonn\u00e9es <strong>Antonio Farn\u00e8<\/strong>, pr\u00e9sident du Conseil r\u00e9gional d&#039;\u00c9milie-Romagne<\/em><\/p>\n<p style=\"text-align: center;\"><em>\u00a0<\/em><\/p>\n<p style=\"text-align: center;\"><em>\u00c9v\u00e9nement de formation valable pour l&#039;Ordre des journalistes d&#039;\u00c9milie-Romagne<\/em><\/p>\n<p style=\"text-align: center;\">LE FUTUR EST D\u00c9J\u00c0 HIER<\/p>\n<p style=\"text-align: center;\"><em>\u00e9dit\u00e9 par <strong>Marco Stancati<\/strong><\/em><\/p>\n<p style=\"text-align: center;\"><em>LABORATOIRES<\/em><\/p>\n<p style=\"text-align: center;\"><strong>#PrainingWords<\/strong><\/p>\n<p style=\"text-align: center;\">Atelier d&#039;\u00e9criture<\/p>\n<p style=\"text-align: center;\"><strong>16h00 \u2013 18h00<\/strong><\/p>\n<p style=\"text-align: center;\"><em>Salle Carracci, Auditorium Ascom<\/em><\/p>\n<p style=\"text-align: center;\"><strong>#Preeping mots d&#039;un autre monde<\/strong><\/p>\n<p style=\"text-align: center;\">\u00c9crire de la science-fiction et de la fantasy, deux genres qui transcendent les g\u00e9n\u00e9rations. Conf\u00e9rence et atelier anim\u00e9s par Carlo Vanin (professeur \u00e0 la Twain School, \u00e9crivain et auteur de La notte della Mediarchia, Panda Edizioni).<\/p>\n<p style=\"text-align: center;\"><em>Avec<\/em> <strong>Carlo Vanin<\/strong><\/p>\n<p style=\"text-align: center;\"><em>\u00e9dit\u00e9 par<\/em> <strong>Roberta Lepri<\/strong><\/p>\n<p style=\"text-align: center;\"><em>en collaboration avec<\/em> <strong>\u00c9cole Twain<\/strong> Et <strong>Lyc\u00e9e scientifique G. Marconi de Grosseto<\/strong><\/p>\n<p style=\"text-align: center;\">LE FUTUR EST D\u00c9J\u00c0 HIER<\/p>\n<p style=\"text-align: center;\"><em>\u00e9dit\u00e9 par <strong>Marco Stancati<\/strong><\/em><\/p>\n<p style=\"text-align: center;\"><em>LABORATOIRES<\/em><\/p>\n<p style=\"text-align: center;\"><strong>La radio : de la propagande aux m\u00e9dias sociaux<\/strong><\/p>\n<p style=\"text-align: center;\"><strong>16h30<\/strong><\/p>\n<p style=\"text-align: center;\"><em>Auditorium \u201c Enzo Biagi \u201d \u00e0 Salaborsa<\/em><\/p>\n<p style=\"text-align: center;\">La radio a commenc\u00e9 \u00e0 \u00e9mettre en Italie en 1924, mais tout au long des ann\u00e9es 1920, elle est rest\u00e9e un symbole de statut social pour la riche bourgeoisie\u00a0: les droits de diffusion \u00e9taient \u00e9lev\u00e9s, l\u2019\u00e9lectrification du pays in\u00e9gale et le prix des postes de radio \u00e9tait exorbitant. Mussolini a per\u00e7u son potentiel de propagande et, dans les ann\u00e9es 1930, en imposant et en subventionnant la production de radios \u00e0 bas co\u00fbt, il l\u2019a transform\u00e9e en un puissant m\u00e9dia de masse, touchant un large public sur les places publiques, dans les campagnes et les \u00e9coles. Gr\u00e2ce au Mus\u00e9e de la Communication et du Multim\u00e9dia de Gianni Pelagalli, nous entendrons la voix authentique de la propagande, avec un \u00e9clairage sur la communication politique d\u2019hier et d\u2019aujourd\u2019hui. Nous entendrons \u00e9galement les voix authentiques de l\u2019op\u00e9ra et de la chanson italiennes jusqu\u2019aux ann\u00e9es 1960, \u00e0 la fois directement et \u00e0 travers le \u2018\u00a0nouveau r\u00e9cit\u00a0\u201c (textuel, photographique et audiovisuel) que les r\u00e9seaux sociaux construiront autour de cet \u00e9v\u00e9nement.<\/p>\n<p style=\"text-align: center;\"><strong>Stefano Chiarazzo<\/strong><\/p>\n<p style=\"text-align: center;\"><strong>John Pelagalli<\/strong><\/p>\n<p style=\"text-align: center;\"><em>interventions de<\/em><\/p>\n<p style=\"text-align: center;\"><strong>Michele Ferrari<\/strong><\/p>\n<p style=\"text-align: center;\"><strong>Les gar\u00e7ons de Radio Immaginaria<\/strong><\/p>\n<p style=\"text-align: center;\"><em>en collaboration avec <\/em><strong>Mus\u00e9e de la communication de Pelagalli<\/strong><\/p>\n<p style=\"text-align: center;\">\u00c9V\u00c9NEMENTS SP\u00c9CIAUX<\/p>\n<p style=\"text-align: center;\"><strong>17h30 <\/strong><\/p>\n<p style=\"text-align: center;\"><em>Tente des g\u00e9n\u00e9rations, Piazza Maggiore<\/em><\/p>\n<p style=\"text-align: center;\"><strong>R\u00e9unions sur la Piazza Grande<\/strong><\/p>\n<p style=\"text-align: center;\"><strong>\u00a0(PR\u00c9)VISIONS POUR L&#039;AVENIR<\/strong><\/p>\n<p style=\"text-align: center;\"><strong>L&#039;\u00e2ge, le temps et les g\u00e9n\u00e9rations <\/strong><\/p>\n<p style=\"text-align: center;\"><strong>Marc Aug\u00e9<\/strong>, <em>Ethnologue, anthropologue et \u00e9crivain<\/em><\/p>\n<p style=\"text-align: center;\"><em>Interview par<\/em> <strong>Francesco Durante<\/strong><\/p>\n<p style=\"text-align: center;\"><strong>\u00a0<\/strong><\/p>\n<p style=\"text-align: center;\"><strong>SOIR\u00c9E<\/strong><\/p>\n<p style=\"text-align: center;\">\u00c9V\u00c9NEMENTS MAJEURS<\/p>\n<p style=\"text-align: center;\"><strong>21h00<\/strong><\/p>\n<p style=\"text-align: center;\"><em>Th\u00e9\u00e2tre de l&#039;auditorium Manzoni<\/em><\/p>\n<p style=\"text-align: center;\"><strong>Th\u00e9\u00e2tre<\/strong><\/p>\n<p style=\"text-align: center;\"><strong>Deux entretiens impossibles : Cosimo et Giuliano de&#039; Medici<\/strong><\/p>\n<p style=\"text-align: center;\">Les \u201c\u00a0interviews impossibles\u00a0\u201d sont un format radiophonique historique des ann\u00e9es 1970, o\u00f9 des intellectuels contemporains s&#039;essaient \u00e0 l&#039;interview de 82 personnes r\u00e9incarn\u00e9es, figures d&#039;une autre \u00e9poque. De grands noms de la litt\u00e9rature italienne se sont essay\u00e9s \u00e0 cette exp\u00e9rience radiophonique originale\u00a0: Andrea Camilleri, Italo Calvino, Maria Bellonci, Umberto Eco, Giorgio Manganelli, Edoardo Sanguineti et Maria Luisa Spaziani. Inspir\u00e9s par ce format \u00e0 succ\u00e8s, deux interviews seront r\u00e9alis\u00e9es\u00a0: l&#039;une avec Cosimo et l&#039;autre avec Giuliano de&#039; Medici, premier grand repr\u00e9sentant de la famille florentine, et son petit-fils, \u00e9galement pr\u00e9nomm\u00e9 Giuliano de&#039; Medici.<\/p>\n<p style=\"text-align: center;\"><em>Avec<\/em><\/p>\n<p style=\"text-align: center;\"><strong>Alessio Boni <\/strong><em>Et<\/em><strong> Mariano Rigillo<\/strong><\/p>\n<p style=\"text-align: center;\"><em>Texte et mise en sc\u00e8ne par<\/em> <strong>Francesco Brancatella<\/strong><\/p>\n<p style=\"text-align: center;\"><em>Musique par<\/em> <strong>Paolo Sergio Marra<\/strong><\/p>\n<p style=\"text-align: center;\"><em>Images de<\/em> <strong>Vittoria Camobreco<\/strong><\/p>\n<p style=\"text-align: center;\"><strong>\u00a0<\/strong><\/p>\n<p style=\"text-align: center;\"><strong>\u00a0<\/strong><\/p>\n<p style=\"text-align: center;\"><strong>NUIT<\/strong><\/p>\n<p style=\"text-align: center;\"><strong><em>\u00a0<\/em><\/strong><\/p>\n<p style=\"text-align: center;\">\u00c9V\u00c9NEMENTS SP\u00c9CIAUX<\/p>\n<p style=\"text-align: center;\"><strong>22h00<\/strong><\/p>\n<p style=\"text-align: center;\"><em>Tente des g\u00e9n\u00e9rations<\/em><\/p>\n<p style=\"text-align: center;\"><strong>Chansons et g\u00e9n\u00e9rations<\/strong><\/p>\n<p style=\"text-align: center;\"><em>Les protagonistes du festival racontent leur histoire en chanson<\/em><\/p>\n<p style=\"text-align: center;\"><em>Musique par <\/em><strong>Les Virtuoses de San Martino<\/strong><\/p>\n<p style=\"text-align: center;\"><em>\u00e9dit\u00e9 par <strong>Francesco Durante<\/strong><\/em><\/p>","protected":false},"excerpt":{"rendered":"<p>Tutti gli eventi di seguito riportati sono a ingresso\u00a0gratuito www.festivaldellegenerazioni.it Il comitato Organizzatore del Festival delle Generazioni si riserva la facolt\u00e0 di apportare modifiche al programma dopo la stampa della&#8230;<\/p>","protected":false},"author":3,"featured_media":1918,"comment_status":"closed","ping_status":"closed","sticky":false,"template":"","format":"standard","meta":{"footnotes":""},"categories":[1,16],"tags":[],"class_list":{"0":"post-1912","1":"post","2":"type-post","3":"status-publish","4":"format-standard","5":"has-post-thumbnail","7":"category-area-stampa","8":"category-fnp"},"_links":{"self":[{"href":"https:\/\/www.cislferrara.it\/fr\/wp-json\/wp\/v2\/posts\/1912","targetHints":{"allow":["GET"]}}],"collection":[{"href":"https:\/\/www.cislferrara.it\/fr\/wp-json\/wp\/v2\/posts"}],"about":[{"href":"https:\/\/www.cislferrara.it\/fr\/wp-json\/wp\/v2\/types\/post"}],"author":[{"embeddable":true,"href":"https:\/\/www.cislferrara.it\/fr\/wp-json\/wp\/v2\/users\/3"}],"replies":[{"embeddable":true,"href":"https:\/\/www.cislferrara.it\/fr\/wp-json\/wp\/v2\/comments?post=1912"}],"version-history":[{"count":0,"href":"https:\/\/www.cislferrara.it\/fr\/wp-json\/wp\/v2\/posts\/1912\/revisions"}],"wp:featuredmedia":[{"embeddable":true,"href":"https:\/\/www.cislferrara.it\/fr\/wp-json\/wp\/v2\/media\/1918"}],"wp:attachment":[{"href":"https:\/\/www.cislferrara.it\/fr\/wp-json\/wp\/v2\/media?parent=1912"}],"wp:term":[{"taxonomy":"category","embeddable":true,"href":"https:\/\/www.cislferrara.it\/fr\/wp-json\/wp\/v2\/categories?post=1912"},{"taxonomy":"post_tag","embeddable":true,"href":"https:\/\/www.cislferrara.it\/fr\/wp-json\/wp\/v2\/tags?post=1912"}],"curies":[{"name":"wp","href":"https:\/\/api.w.org\/{rel}","templated":true}]}}