{"id":1908,"date":"2015-09-17T13:09:10","date_gmt":"2015-09-17T11:09:10","guid":{"rendered":"http:\/\/www.cislferrara.it\/?p=1908"},"modified":"2015-09-17T13:09:10","modified_gmt":"2015-09-17T11:09:10","slug":"centro-cils-certificazione-di-italiano-come-lingua-straniera","status":"publish","type":"post","link":"https:\/\/www.cislferrara.it\/fr\/centro-cils-certificazione-di-italiano-come-lingua-straniera\/","title":{"rendered":"Centre CILS \u2013 Certification d&#039;italien comme langue \u00e9trang\u00e8re"},"content":{"rendered":"<p>La Certificazione CILS \u00e8 un titolo di studio ufficialmente riconosciuto che attesta il grado di competenza linguistico-comunicativa in italiano come L2.<br \/>\nLa CILS \u00e8 utilizzabile per l&#8217;inserimento del lavoro, per l&#8217;insegnamento dell&#8217;italiano, per\u00a0l&#8217;iscrizione alle Universit\u00e0 italiane, per ogni ambito d&#8217;uso in cui sia richiesto un determinato livello di competenza nella nostra lingua attestato formalmente.<br \/>\nIl ministero dell&#8217;Universit\u00e0 e della Ricerca riconosce la CILS come certificato per l&#8217;ammissione degli studenti stranieri extra-comunitari alle Universit\u00e0 italiane: il possesso del livello CILS Due &#8211; B2 esonera gli studenti extra-comunitari dalla prova di lingua italiana.<\/p>\n<p>Il Centro Linguistico di Ateneo (CLA)\u00a0dell&#8217;Universit\u00e0 di Ferrara \u00e8 sede dell&#8217;esame di certificazione CILS.<br \/>\nLa prossima data \u00e8 il 3 dicembre 2015<br \/>\nLe iscrizioni chiuderanno inderogabilmente il 30 Ottobre 2015<\/p>\n<p>Rivolgersi alla Segreteria del CLA: Luned\u00ec, Mercoled\u00ec e Venerd\u00ec : 9,30 &#8211; 12,00<br \/>\nMarted\u00ec 14.30 &#8211; 16.00<br \/>\nGioved\u00ec CHIUSO<\/p>\n<p>Tel: 0532\/293446<br \/>\ne-mail: segreteria.cla@unife.it<br \/>\nsito web: www.unife.it\/centro\/linguistico <\/p>","protected":false},"excerpt":{"rendered":"<p>La Certificazione CILS \u00e8 un titolo di studio ufficialmente riconosciuto che attesta il grado di competenza linguistico-comunicativa in italiano come L2. La CILS \u00e8 utilizzabile per l&#8217;inserimento del lavoro, per&#8230;<\/p>","protected":false},"author":3,"featured_media":1910,"comment_status":"closed","ping_status":"closed","sticky":false,"template":"","format":"standard","meta":{"footnotes":""},"categories":[1,24],"tags":[],"class_list":{"0":"post-1908","1":"post","2":"type-post","3":"status-publish","4":"format-standard","5":"has-post-thumbnail","7":"category-area-stampa","8":"category-avvisi"},"_links":{"self":[{"href":"https:\/\/www.cislferrara.it\/fr\/wp-json\/wp\/v2\/posts\/1908","targetHints":{"allow":["GET"]}}],"collection":[{"href":"https:\/\/www.cislferrara.it\/fr\/wp-json\/wp\/v2\/posts"}],"about":[{"href":"https:\/\/www.cislferrara.it\/fr\/wp-json\/wp\/v2\/types\/post"}],"author":[{"embeddable":true,"href":"https:\/\/www.cislferrara.it\/fr\/wp-json\/wp\/v2\/users\/3"}],"replies":[{"embeddable":true,"href":"https:\/\/www.cislferrara.it\/fr\/wp-json\/wp\/v2\/comments?post=1908"}],"version-history":[{"count":0,"href":"https:\/\/www.cislferrara.it\/fr\/wp-json\/wp\/v2\/posts\/1908\/revisions"}],"wp:featuredmedia":[{"embeddable":true,"href":"https:\/\/www.cislferrara.it\/fr\/wp-json\/wp\/v2\/media\/1910"}],"wp:attachment":[{"href":"https:\/\/www.cislferrara.it\/fr\/wp-json\/wp\/v2\/media?parent=1908"}],"wp:term":[{"taxonomy":"category","embeddable":true,"href":"https:\/\/www.cislferrara.it\/fr\/wp-json\/wp\/v2\/categories?post=1908"},{"taxonomy":"post_tag","embeddable":true,"href":"https:\/\/www.cislferrara.it\/fr\/wp-json\/wp\/v2\/tags?post=1908"}],"curies":[{"name":"wp","href":"https:\/\/api.w.org\/{rel}","templated":true}]}}