{"id":1897,"date":"2015-09-16T17:55:32","date_gmt":"2015-09-16T15:55:32","guid":{"rendered":"http:\/\/www.cislferrara.it\/?p=1897"},"modified":"2015-09-28T10:01:02","modified_gmt":"2015-09-28T08:01:02","slug":"approfondimento-fnp-sulle-riforme-irpef-dal-1974-ad-oggi","status":"publish","type":"post","link":"https:\/\/www.cislferrara.it\/fr\/approfondimento-fnp-sulle-riforme-irpef-dal-1974-ad-oggi\/","title":{"rendered":"APER\u00c7U DU FNP SUR LES R\u00c9FORMES DE L&#039;IRPEF DE 1974 \u00c0 AUJOURD&#039;HUI"},"content":{"rendered":"<p>Tr\u00e8s cher,<br \/>\nJe vous fais parvenir quelques observations sur la politique fiscale de diff\u00e9rents gouvernements au cours des vingt derni\u00e8res ann\u00e9es.<br \/>\nComme on peut le constater, et c&#039;est un fait bien connu, la pression fiscale sur les contribuables est, pour le moins, oppressive.<br \/>\nSergio Dalbuono<\/p>\n<p>Ci-joint un tableau comparatif des variations du taux et de la progressivit\u00e9 de l&#039;imp\u00f4t sur le revenu des personnes physiques entre 1974 et 2014, ax\u00e9 sur les vingt derni\u00e8res ann\u00e9es. Il illustre l&#039;\u00e9volution des politiques de redistribution en Italie par le biais de la fiscalit\u00e9.<\/p>\n<p>Nous proposons une reconstitution concise qui illustre clairement l&#039;\u00e9volution de la charge fiscale sur le revenu des personnes physiques (IRPEF) en Italie au cours des quarante derni\u00e8res ann\u00e9es. L&#039;exemple suivant montre combien, en valeur mon\u00e9taire actuelle, les contribuables percevant des revenus similaires \u00e0 ceux indiqu\u00e9s dans le tableau ci-dessous auraient vers\u00e9 annuellement au Tr\u00e9sor public si le syst\u00e8me d&#039;imposition \u00e0 32 taux de 1974 \u00e9tait encore en vigueur, et combien ils paient actuellement avec le syst\u00e8me \u00e0 cinq taux. Il indique \u00e9galement les pourcentages et les tranches de revenus o\u00f9 la charge fiscale a le plus augment\u00e9 suite aux modifications apport\u00e9es au syst\u00e8me IRPEF au cours des quarante derni\u00e8res ann\u00e9es.<\/p>\n<div id=\"orangethemescaret\"><span style=\"color: #339966;\"><strong>\u00a0T\u00c9L\u00c9CHARGER LE SCH\u00c9MA<\/strong><\/span><\/div>","protected":false},"excerpt":{"rendered":"<p>Carissime e carissimi, Vi invio alcune osservazioni sulla politica fiscale dei vari Governi negli ultimi vent&#8217;anni. Come si evince, cosa peraltro nota, il carico fiscale sui contribuenti \u00e8 a dir&#8230;<\/p>","protected":false},"author":3,"featured_media":1899,"comment_status":"closed","ping_status":"closed","sticky":false,"template":"","format":"standard","meta":{"footnotes":""},"categories":[19,16],"tags":[118],"class_list":{"0":"post-1897","1":"post","2":"type-post","3":"status-publish","4":"format-standard","5":"has-post-thumbnail","7":"category-cisl-ferrara","8":"category-fnp","9":"tag-sistema-32-aliquote"},"_links":{"self":[{"href":"https:\/\/www.cislferrara.it\/fr\/wp-json\/wp\/v2\/posts\/1897","targetHints":{"allow":["GET"]}}],"collection":[{"href":"https:\/\/www.cislferrara.it\/fr\/wp-json\/wp\/v2\/posts"}],"about":[{"href":"https:\/\/www.cislferrara.it\/fr\/wp-json\/wp\/v2\/types\/post"}],"author":[{"embeddable":true,"href":"https:\/\/www.cislferrara.it\/fr\/wp-json\/wp\/v2\/users\/3"}],"replies":[{"embeddable":true,"href":"https:\/\/www.cislferrara.it\/fr\/wp-json\/wp\/v2\/comments?post=1897"}],"version-history":[{"count":0,"href":"https:\/\/www.cislferrara.it\/fr\/wp-json\/wp\/v2\/posts\/1897\/revisions"}],"wp:featuredmedia":[{"embeddable":true,"href":"https:\/\/www.cislferrara.it\/fr\/wp-json\/wp\/v2\/media\/1899"}],"wp:attachment":[{"href":"https:\/\/www.cislferrara.it\/fr\/wp-json\/wp\/v2\/media?parent=1897"}],"wp:term":[{"taxonomy":"category","embeddable":true,"href":"https:\/\/www.cislferrara.it\/fr\/wp-json\/wp\/v2\/categories?post=1897"},{"taxonomy":"post_tag","embeddable":true,"href":"https:\/\/www.cislferrara.it\/fr\/wp-json\/wp\/v2\/tags?post=1897"}],"curies":[{"name":"wp","href":"https:\/\/api.w.org\/{rel}","templated":true}]}}