{"id":1840,"date":"2015-07-21T16:20:34","date_gmt":"2015-07-21T14:20:34","guid":{"rendered":"http:\/\/www.cislferrara.it\/?p=1840"},"modified":"2015-07-21T16:20:34","modified_gmt":"2015-07-21T14:20:34","slug":"per-gli-anziani-per-i-non-autosufficienti-presidio-unitario-in-piazza-municipale","status":"publish","type":"post","link":"https:\/\/www.cislferrara.it\/fr\/per-gli-anziani-per-i-non-autosufficienti-presidio-unitario-in-piazza-municipale\/","title":{"rendered":"POUR LES PERSONNES \u00c2G\u00c9ES, POUR LES NON AUTONOMES. PRESIDIO UNITAIRE SUR LA PLACE MUNICIPALE"},"content":{"rendered":"<div id=\"orangethemescaret\">\n<p><strong>QUELLE POLITIQUE SOCIALE VOULONS-NOUS ? <\/strong><strong>POUR NOTRE AVENIR ?<\/strong><\/p>\n<p>Le Fonds r\u00e9gional et le Fonds national pour les personnes non autonomes servent \u00e0 financer les services sociaux et sanitaires destin\u00e9s aux personnes non autonomes et \u00e0 ceux qui en prennent soin.<\/p>\n<p>La cr\u00e9ation du Fonds a pour objectif de consolider et de qualifier les services existants, mais aussi de d\u00e9velopper de nouvelles r\u00e9ponses et interventions, notamment dans le domaine de l&#039;h\u00e9bergement des personnes non autonomes et des personnes souffrant de handicaps tr\u00e8s graves. Un autre objectif strat\u00e9gique du Fonds est l&#039;\u00e9galit\u00e9 d&#039;acc\u00e8s aux services pour tous les citoyens de la r\u00e9gion.<\/p>\n<p>Afin de maintenir les ressources du Fonds r\u00e9gional, le Comit\u00e9 du district Centre-Nord a choisi une politique de coupes budg\u00e9taires.<\/p>\n<p>L&#039;ann\u00e9e 2015 verra d&#039;une part 35 lits conventionn\u00e9s en moins dans les Ehpad conventionn\u00e9s, et d&#039;autre part une baisse de 20% dans le dispositif des allocations de soins, outil fondamental du maintien \u00e0 domicile.<\/p>\n<p>Face \u00e0 une demande d&#039;aide importante, au lieu de penser \u00e0 une \u00e9ventuelle r\u00e9organisation des services qui ne mette pas les familles en difficult\u00e9, on applique la recette devenue tr\u00e8s \u00e0 la mode ces derni\u00e8res ann\u00e9es, celle des COUPES !!!<\/p>\n<p>Pour nous, ces choix politiques sont inacceptables et nous pensons que cela ne doit pas \u00eatre la voie \u00e0 suivre, tout comme nous ne pouvons pas penser \u00e0 utiliser le nouvel ISEE pour r\u00e9duire les prestations au lieu de les redistribuer avec des crit\u00e8res \u00e9quitables.<\/p>\n<p>&nbsp;<\/p>\n<p><strong>\u00c0 L&#039;OCCASION DE LA R\u00c9UNION DE LA COMMISSION DE SANT\u00c9 DE LA MAIRIE DE FERRARE, CGIL CISL UIL organise un PRESIDIO SUR LA PLACE MUNICIPALE LE MERCREDI 22 JUILLET \u00c0 PARTIR DE 15H <em>PARTICIPER!!<\/em><\/strong><\/p>\n<\/div>","protected":false},"excerpt":{"rendered":"<p>QUELLE POLITIQUE SOCIALE SOUHAITONS-NOUS POUR NOTRE AVENIR\u00a0? Le Fonds r\u00e9gional et le Fonds national pour la non-autonomie servent \u00e0 financer les services sociaux et de sant\u00e9 destin\u00e9s aux personnes handicap\u00e9es\u2026<\/p>","protected":false},"author":3,"featured_media":1841,"comment_status":"closed","ping_status":"closed","sticky":false,"template":"","format":"standard","meta":{"footnotes":""},"categories":[16,9],"tags":[94,113,114,111,110,109,112],"class_list":{"0":"post-1840","1":"post","2":"type-post","3":"status-publish","4":"format-standard","5":"has-post-thumbnail","7":"category-fnp","8":"category-fp","9":"tag-anziani","10":"tag-assegni-di-cura","11":"tag-case-di-riposo","12":"tag-fna","13":"tag-frna","14":"tag-nonautosufficienza","15":"tag-tagli"},"_links":{"self":[{"href":"https:\/\/www.cislferrara.it\/fr\/wp-json\/wp\/v2\/posts\/1840","targetHints":{"allow":["GET"]}}],"collection":[{"href":"https:\/\/www.cislferrara.it\/fr\/wp-json\/wp\/v2\/posts"}],"about":[{"href":"https:\/\/www.cislferrara.it\/fr\/wp-json\/wp\/v2\/types\/post"}],"author":[{"embeddable":true,"href":"https:\/\/www.cislferrara.it\/fr\/wp-json\/wp\/v2\/users\/3"}],"replies":[{"embeddable":true,"href":"https:\/\/www.cislferrara.it\/fr\/wp-json\/wp\/v2\/comments?post=1840"}],"version-history":[{"count":0,"href":"https:\/\/www.cislferrara.it\/fr\/wp-json\/wp\/v2\/posts\/1840\/revisions"}],"wp:featuredmedia":[{"embeddable":true,"href":"https:\/\/www.cislferrara.it\/fr\/wp-json\/wp\/v2\/media\/1841"}],"wp:attachment":[{"href":"https:\/\/www.cislferrara.it\/fr\/wp-json\/wp\/v2\/media?parent=1840"}],"wp:term":[{"taxonomy":"category","embeddable":true,"href":"https:\/\/www.cislferrara.it\/fr\/wp-json\/wp\/v2\/categories?post=1840"},{"taxonomy":"post_tag","embeddable":true,"href":"https:\/\/www.cislferrara.it\/fr\/wp-json\/wp\/v2\/tags?post=1840"}],"curies":[{"name":"wp","href":"https:\/\/api.w.org\/{rel}","templated":true}]}}