{"id":1732,"date":"2015-05-19T16:14:27","date_gmt":"2015-05-19T14:14:27","guid":{"rendered":"http:\/\/www.cislferrara.it\/?p=1732"},"modified":"2015-05-19T16:14:27","modified_gmt":"2015-05-19T14:14:27","slug":"continuano-le-mobilitazioni-contro-il-ddl-la-buona-scuola","status":"publish","type":"post","link":"https:\/\/www.cislferrara.it\/fr\/continuano-le-mobilitazioni-contro-il-ddl-la-buona-scuola\/","title":{"rendered":"Les manifestations contre le projet de loi sur la \u00ab bonne \u00e9cole \u00bb se poursuivent"},"content":{"rendered":"<p>La protestation des syndicats et du personnel contre la soi-disant \u00ab Bonne \u00c9cole \u00bb selon Matteo continue.<br \/>\nEn r\u00e9ponse aux \u00ab trois jours \u00bb \u2013 du 18 au 20 mai \u2013 de vote \u00e0 la Chambre sur la DDL, \u00e0 Ferrare la manifestation continue aujourd&#039;hui, lundi 18 mai avec un flash mob \u00e0 18h20. sur le grand tableau de la P.zza Trento Trieste, o\u00f9 le personnel scolaire, les \u00e9l\u00e8ves, les parents et tous les citoyens int\u00e9ress\u00e9s se disposeront en anneau munis d&#039;un livre, de pr\u00e9f\u00e9rence la Constitution, \u00e0 \u00e9lever vers le ciel comme un geste symbolique de l&#039;\u00e9l\u00e9vation du savoir qui avec cette r\u00e9forme reste immobile.<br \/>\nEnsuite, toujours sur la Piazza Trento e Trieste de 20h00 \u00e0 minuit \u00ab paroles et musique gratuites \u00bb.<br \/>\nLa mobilisation se poursuivra mardi 19 mai avec un piquet devant la pr\u00e9fecture de 17h00 \u00e0 19h00.<br \/>\nLe vote final aura lieu le 20 mai : le temps presse et il n\u2019y a pas de temps \u00e0 perdre pour tenter de bloquer la r\u00e9forme.<br \/>\nL&#039;invitation \u00e0 participer s&#039;adresse \u00e0 tous car le combat pour d\u00e9fendre l&#039;\u00e9cole publique est le combat de tous. En bref, l\u2019union fait la force !<\/p>","protected":false},"excerpt":{"rendered":"<p>Continua la protesta di sindacati e personale contro la cosiddetta \u201cBuona scuola\u201d secondo Matteo. In risposta alla \u201ctre giorni\u201d &#8211; dal 18 al 20 maggio &#8211; di voto in aula&#8230;<\/p>","protected":false},"author":3,"featured_media":1733,"comment_status":"closed","ping_status":"closed","sticky":false,"template":"","format":"standard","meta":{"footnotes":""},"categories":[19,11],"tags":[],"class_list":{"0":"post-1732","1":"post","2":"type-post","3":"status-publish","4":"format-standard","5":"has-post-thumbnail","7":"category-cisl-ferrara","8":"category-scuola"},"_links":{"self":[{"href":"https:\/\/www.cislferrara.it\/fr\/wp-json\/wp\/v2\/posts\/1732","targetHints":{"allow":["GET"]}}],"collection":[{"href":"https:\/\/www.cislferrara.it\/fr\/wp-json\/wp\/v2\/posts"}],"about":[{"href":"https:\/\/www.cislferrara.it\/fr\/wp-json\/wp\/v2\/types\/post"}],"author":[{"embeddable":true,"href":"https:\/\/www.cislferrara.it\/fr\/wp-json\/wp\/v2\/users\/3"}],"replies":[{"embeddable":true,"href":"https:\/\/www.cislferrara.it\/fr\/wp-json\/wp\/v2\/comments?post=1732"}],"version-history":[{"count":0,"href":"https:\/\/www.cislferrara.it\/fr\/wp-json\/wp\/v2\/posts\/1732\/revisions"}],"wp:featuredmedia":[{"embeddable":true,"href":"https:\/\/www.cislferrara.it\/fr\/wp-json\/wp\/v2\/media\/1733"}],"wp:attachment":[{"href":"https:\/\/www.cislferrara.it\/fr\/wp-json\/wp\/v2\/media?parent=1732"}],"wp:term":[{"taxonomy":"category","embeddable":true,"href":"https:\/\/www.cislferrara.it\/fr\/wp-json\/wp\/v2\/categories?post=1732"},{"taxonomy":"post_tag","embeddable":true,"href":"https:\/\/www.cislferrara.it\/fr\/wp-json\/wp\/v2\/tags?post=1732"}],"curies":[{"name":"wp","href":"https:\/\/api.w.org\/{rel}","templated":true}]}}