{"id":1663,"date":"2015-04-03T10:19:34","date_gmt":"2015-04-03T08:19:34","guid":{"rendered":"http:\/\/www.cislferrara.it\/?p=1663"},"modified":"2015-04-10T10:37:19","modified_gmt":"2015-04-10T08:37:19","slug":"la-vera-buona-scuolae-nellinteresse-di-tutti-per-questo-manifestiamo","status":"publish","type":"post","link":"https:\/\/www.cislferrara.it\/fr\/la-vera-buona-scuolae-nellinteresse-di-tutti-per-questo-manifestiamo\/","title":{"rendered":"La v\u00e9ritable \u00ab bonne \u00e9cole \u00bb est dans l\u2019int\u00e9r\u00eat de tous : c\u2019est pour cela que nous manifestons !"},"content":{"rendered":"<p>\u00ab\u00a0Bonne \u00e9cole\u00a0\u00bb n&#039;est pas vraiment une bonne id\u00e9e\u2026 C&#039;est pourquoi une manifestation commune des syndicats scolaires aura lieu \u00e0 Ferrare le 17\u00a0avril afin de sensibiliser aux effets (et, malheureusement, aux limites) de cette r\u00e9forme. Le lendemain, samedi 18, la manifestation nationale, \u00e9galement commune, se tiendra \u00e0 Rome. Les personnes int\u00e9ress\u00e9es peuvent contacter la secr\u00e9taire de la CISL Scuola Ferrara, Alessandra Zangherati, au +39\u00a0348\u00a0870\u00a01069.<\/p>\n<p>Le texte de la lettre sign\u00e9e par les secr\u00e9tariats nationaux des syndicats scolaires est rapport\u00e9 ci-dessous.<\/p>\n<p>LES REPR\u00c9SENTANTS DES TRAVAILLEURS SCOLAIRES SUR LA PLACE POUR CHANGER LES PROPOSITIONS DU GOUVERNEMENT<br \/>\n\u00c0 tous les travailleurs \u00e9lus \u00e0 l&#039;\u00e9cole RSU<br \/>\nCher coll\u00e8gue,<br \/>\nLe gouvernement a mis en \u0153uvre ses propositions de r\u00e9forme du syst\u00e8me \u00e9ducatif sans v\u00e9ritablement impliquer ceux qui vivent et travaillent au quotidien dans les \u00e9coles. Cette approche, d&#039;une pr\u00e9somption flagrante, a donn\u00e9 naissance \u00e0 un projet qui suscite principalement doutes et dissensions au sein du syst\u00e8me scolaire. Ce projet s&#039;av\u00e8re souvent artificiel, imparfait, compl\u00e8tement d\u00e9connect\u00e9 de l&#039;exp\u00e9rience concr\u00e8te des \u00e9coles r\u00e9elles et mal \u00e9tay\u00e9, m\u00eame par des r\u00e9f\u00e9rences aux approches p\u00e9dagogiques et didactiques les plus reconnues.<br \/>\nLe gouvernement a d\u00e9cid\u00e9 de se passer de tout cela et a lanc\u00e9 ses lignes directrices en septembre, lesquelles ont d\u00e9sormais \u00e9t\u00e9 int\u00e9gr\u00e9es \u2013 avec une l\u00e9g\u00e8re modification de forme \u2013 au projet de loi soumis au Parlement. Dans ce contexte, une consultation superficielle a \u00e9t\u00e9 men\u00e9e, avec un espace de discussion extr\u00eamement limit\u00e9, r\u00e9duit aux quelques minutes allou\u00e9es lors des p\u00e8lerinages minist\u00e9riels dans les collectivit\u00e9s locales. Ni le pays ni la communaut\u00e9 professionnelle n&#039;ont \u00e9t\u00e9 v\u00e9ritablement impliqu\u00e9s dans le partage d&#039;un projet de changement si \u00e9loign\u00e9 des attentes et des besoins r\u00e9els de nos \u00e9coles. Parall\u00e8lement, le gel des contrats retarde une fois de plus, et contredit de fait, l&#039;engagement de restaurer la dignit\u00e9 et la valeur du travail des personnels.<br \/>\nSuite \u00e0 la mobilisation entam\u00e9e en mars, qui a d\u00e9j\u00e0 vu la mise en \u0153uvre, outre la gr\u00e8ve non obligatoire du 9 au 18 avril, de nombreuses actions significatives aux niveaux local et national, les syndicats du secteur de l&#039;\u00e9ducation se sont fix\u00e9s comme objectif pr\u00e9cis de modifier la mesure en discussion au Parlement par des amendements appropri\u00e9s, appelant les forces politiques \u00e0 d\u00e9battre et \u00e0 prendre des d\u00e9cisions coh\u00e9rentes. Tel est le sens et l&#039;objectif de la manifestation du 25 mars, \u00e0 laquelle les repr\u00e9sentants des groupes parlementaires ont \u00e9t\u00e9 invit\u00e9s \u00e0 participer et \u00e0 s&#039;exprimer, afin de discuter des propositions pr\u00e9sent\u00e9es conjointement par les syndicats.<br \/>\nIl est temps que le personnel scolaire fasse entendre sa voix directement, par l&#039;interm\u00e9diaire des personnes r\u00e9cemment nomm\u00e9es \u00e0 un poste de repr\u00e9sentation syndicale, soutenues et l\u00e9gitim\u00e9es par le vote de l&#039;ensemble du secteur. C&#039;est pourquoi les protagonistes de la manifestation du 18 avril \u00e0 Rome doivent \u00eatre vous, les travailleurs \u00e9lus au RSU de nos \u00e9coles.<br \/>\nLes \u00e9lus sur les listes pr\u00e9sent\u00e9es par Flc CGIL, CISL Scuola, UIL Scuola, SNALS Confsal et Gilda FGU repr\u00e9sentent plus de 90 % des adh\u00e9rents de la RSU et ont \u00e9t\u00e9 \u00e9lus lors d&#039;une consultation \u00e0 laquelle ont particip\u00e9 80 % des travailleurs \u00e9ligibles. Ce fait, sans \u00e9quivoque et indiscutable, nous permet d&#039;affirmer avec justesse que le syst\u00e8me scolaire italien sera pr\u00e9sent, avec ses d\u00e9fis et ses difficult\u00e9s, mais surtout avec son exp\u00e9rience, son expertise et sa passion.<br \/>\nLa r\u00e9union aura lieu \u00e0 10h30 sur la Piazza SS. Apostoli \u00e0 Rome. Nous comptons sur votre pr\u00e9sence et vous invitons donc \u00e0 contacter votre organisation locale pour les modalit\u00e9s logistiques et organisationnelles n\u00e9cessaires.<br \/>\nMerci et \u00e0 bient\u00f4t sur la Piazza Santi Apostoli !<\/p>","protected":false},"excerpt":{"rendered":"<p>&#8220;\u200eBuona scuola&#8221;\u202c mica tanto&#8230; Per questo si terr\u00e0 il 17 a \u202a\u200eFerrara\u202c manifestazione unitaria dei sindacati della scuola per sensibilizzare la cittadinanza sugli effetti (e purtroppo i limiti) di questa&#8230;<\/p>","protected":false},"author":3,"featured_media":1665,"comment_status":"closed","ping_status":"closed","sticky":false,"template":"","format":"standard","meta":{"footnotes":""},"categories":[1,19,11],"tags":[97,72],"class_list":{"0":"post-1663","1":"post","2":"type-post","3":"status-publish","4":"format-standard","5":"has-post-thumbnail","7":"category-area-stampa","8":"category-cisl-ferrara","9":"category-scuola","10":"tag-buonascuola","11":"tag-precari"},"_links":{"self":[{"href":"https:\/\/www.cislferrara.it\/fr\/wp-json\/wp\/v2\/posts\/1663","targetHints":{"allow":["GET"]}}],"collection":[{"href":"https:\/\/www.cislferrara.it\/fr\/wp-json\/wp\/v2\/posts"}],"about":[{"href":"https:\/\/www.cislferrara.it\/fr\/wp-json\/wp\/v2\/types\/post"}],"author":[{"embeddable":true,"href":"https:\/\/www.cislferrara.it\/fr\/wp-json\/wp\/v2\/users\/3"}],"replies":[{"embeddable":true,"href":"https:\/\/www.cislferrara.it\/fr\/wp-json\/wp\/v2\/comments?post=1663"}],"version-history":[{"count":0,"href":"https:\/\/www.cislferrara.it\/fr\/wp-json\/wp\/v2\/posts\/1663\/revisions"}],"wp:featuredmedia":[{"embeddable":true,"href":"https:\/\/www.cislferrara.it\/fr\/wp-json\/wp\/v2\/media\/1665"}],"wp:attachment":[{"href":"https:\/\/www.cislferrara.it\/fr\/wp-json\/wp\/v2\/media?parent=1663"}],"wp:term":[{"taxonomy":"category","embeddable":true,"href":"https:\/\/www.cislferrara.it\/fr\/wp-json\/wp\/v2\/categories?post=1663"},{"taxonomy":"post_tag","embeddable":true,"href":"https:\/\/www.cislferrara.it\/fr\/wp-json\/wp\/v2\/tags?post=1663"}],"curies":[{"name":"wp","href":"https:\/\/api.w.org\/{rel}","templated":true}]}}