{"id":1572,"date":"2015-03-10T09:44:26","date_gmt":"2015-03-10T08:44:26","guid":{"rendered":"http:\/\/www.cislferrara.it\/?p=1572"},"modified":"2023-05-05T12:53:12","modified_gmt":"2023-05-05T10:53:12","slug":"fnp-invita-alla-riflessione-sulla-figura-dellanziano-nella-nostra-societa","status":"publish","type":"post","link":"https:\/\/www.cislferrara.it\/fr\/fnp-invita-alla-riflessione-sulla-figura-dellanziano-nella-nostra-societa\/","title":{"rendered":"Fnp invite \u00e0 r\u00e9fl\u00e9chir au r\u00f4le des personnes \u00e2g\u00e9es dans notre soci\u00e9t\u00e9"},"content":{"rendered":"<p>Vous trouverez ci-dessous le texte d&#039;une interview du pape Fran\u00e7ois, publi\u00e9e dans la presse il y a quelques jours. FNP la republie, soulignant sa profondeur et son importance.<\/p>\n<p>&nbsp;<\/p>\n<p><strong>Le pape Fran\u00e7ois d\u00e9fend les personnes \u00e2g\u00e9es : \u00ab L\u2019abandon est un p\u00e9ch\u00e9. \u00bb<\/strong><\/p>\n<p><strong>ROME -\u00a0<\/strong>Les personnes \u00e2g\u00e9es sont une richesse incontournable, mais la culture du profit persiste \u00e0 les pr\u00e9senter comme un fardeau, un poids mort. Non seulement elles ne produisent pas, mais elles sont mises au rebut. C&#039;est terrible de voir les personnes \u00e2g\u00e9es mises au rebut\u00a0: c&#039;est un p\u00e9ch\u00e9. Lors de l&#039;audience g\u00e9n\u00e9rale de mercredi place Saint-Pierre, le pape a lanc\u00e9 un avertissement sur la condition des personnes \u00e2g\u00e9es et le traitement qui leur est souvent r\u00e9serv\u00e9 au sein des familles.<\/p>\n<p>Lors de l&#039;audience, le pape Fran\u00e7ois a \u00e9voqu\u00e9 un \u00e9pisode de son passage dans une maison de retraite, alors qu&#039;il \u00e9tait archev\u00eaque de Buenos Aires : \u00ab J&#039;ai demand\u00e9 \u00e0 une dame : comment allez-vous ? Comment vont vos enfants ? Bien. Vient-ils vous rendre visite ? Oui, toujours. Et quand suis-je venu vous rendre visite pour la derni\u00e8re fois ? \u00c0 No\u00ebl. Et c&#039;\u00e9tait en ao\u00fbt\u2026 Huit mois sans la visite de vos enfants, c&#039;est un p\u00e9ch\u00e9 mortel, vous comprenez ? \u00bb<\/p>\n<p>\u00ab Si nous n&#039;apprenons pas \u00e0 bien traiter les personnes \u00e2g\u00e9es, elles nous traiteront de la m\u00eame mani\u00e8re \u00bb, a d\u00e9clar\u00e9 le Pape, qui a ensuite racont\u00e9 un autre \u00e9pisode improvis\u00e9 : \u00ab Un jour, enfant, ma grand-m\u00e8re nous racontait l&#039;histoire d&#039;un grand-p\u00e8re \u00e2g\u00e9 qui avait fait un g\u00e2chis en mangeant parce qu&#039;il n&#039;arrivait pas \u00e0 porter correctement la cuill\u00e8re de soupe \u00e0 sa bouche. Le fils, le p\u00e8re de famille, a d\u00e9cid\u00e9 de le d\u00e9placer de la table commune et a fabriqu\u00e9 une petite table dans la cuisine pour qu&#039;il ne fasse pas mauvaise figure lorsque des amis venaient d\u00e9jeuner ou d\u00eener. Quelques jours plus tard, il a trouv\u00e9 son petit gar\u00e7on en train de jouer avec du bois, un marteau et des clous. \u201cQu&#039;est-ce que tu fais ?\u201d \u201cJe fais une table, papa, pour que tu l&#039;aies quand tu seras vieux, pour que tu puisses y manger.\u201d Les enfants\u201d, a comment\u00e9 le Pape, \u201csont plus consciencieux que nous.\u201d \u00bb<\/p>\n<p>Les personnes \u00e2g\u00e9es, a poursuivi le Pape, \u00ab sont des hommes et des femmes, des p\u00e8res et des m\u00e8res qui ont parcouru le m\u00eame chemin que nous, dans notre maison, dans notre lutte quotidienne pour une vie digne. Ce sont des hommes et des femmes dont nous avons tant re\u00e7u. Les personnes \u00e2g\u00e9es ne sont pas des \u00e9trangers. Nous sommes les personnes \u00e2g\u00e9es\u00a0: bient\u00f4t, plus t\u00f4t, in\u00e9vitablement, m\u00eame si nous n\u2019y pensons pas. \u00bb \u00ab\u00a0La culture du profit s\u2019obstine \u00e0 faire appara\u00eetre les personnes \u00e2g\u00e9es comme un fardeau, un \u201cpoids mort\u201d. Non seulement elles ne produisent pas, mais elles sont un fardeau\u00a0: en bref, a poursuivi Bergoglio, il faut les jeter. Nous n\u2019osons pas le dire ouvertement, mais nous le faisons\u00a0! Il y a quelque chose de vil dans cette culture du gaspillage profond\u00e9ment ancr\u00e9e. Nous voulons \u00e9radiquer notre peur exacerb\u00e9e de la faiblesse et de la vuln\u00e9rabilit\u00e9\u00a0; mais ce faisant, nous augmentons l\u2019angoisse des personnes \u00e2g\u00e9es d\u2019\u00eatre ind\u00e9sirables et abandonn\u00e9es.\u00a0\u00bb<\/p>\n<p>Toutes les personnes \u00e2g\u00e9es sont plus ou moins fragiles. Certaines, cependant, sont particuli\u00e8rement faibles\u00a0; beaucoup sont seules et marqu\u00e9es par la maladie. Certaines d\u00e9pendent de soins essentiels et de l&#039;attention des autres. Allons-nous donc reculer\u00a0? Les abandonner \u00e0 leur sort\u00a0? Une soci\u00e9t\u00e9 sans proximit\u00e9, o\u00f9 la g\u00e9n\u00e9rosit\u00e9 et l&#039;affection inconditionnelle \u2013 m\u00eame entre \u00e9trangers \u2013 disparaissent, est une soci\u00e9t\u00e9 perverse. L&#039;\u00c9glise, fid\u00e8le \u00e0 la Parole de Dieu, ne peut tol\u00e9rer cette d\u00e9g\u00e9n\u00e9rescence. Une communaut\u00e9 chr\u00e9tienne dans laquelle la proximit\u00e9 et la g\u00e9n\u00e9rosit\u00e9 ne seraient plus consid\u00e9r\u00e9es comme indispensables perdrait son \u00e2me avec elles. L\u00e0 o\u00f9 il n&#039;y a pas d&#039;honneur pour les personnes \u00e2g\u00e9es, il n&#039;y a pas d&#039;avenir pour les jeunes.<\/p>\n<p><small>Source: <a href=\"Fonte: http:\/\/www.repubblica.it\/esteri\/2015\/03\/04\/news\/papa_difende_gli_anziani_abbandonarli_peccato-108718656\/\">http:\/\/www.repubblica.it\/esteri\/2015\/03\/04\/news\/papa_difende_gli_anziani_abbandonarli_peccato-108718656\/<\/a><\/small><\/p>","protected":false},"excerpt":{"rendered":"<p>In seguito si riporta il testo di un&#8217;intervista a Papa Francesco uscita qualche giorno fa sui giornali, Fnp la ripropone cogliendone lo spessore e l&#8217;importanza. &nbsp; Papa Francesco difende gli&#8230;<\/p>","protected":false},"author":3,"featured_media":0,"comment_status":"closed","ping_status":"closed","sticky":false,"template":"","format":"standard","meta":{"footnotes":""},"categories":[19,16],"tags":[94,33],"class_list":{"0":"post-1572","1":"post","2":"type-post","3":"status-publish","4":"format-standard","6":"category-cisl-ferrara","7":"category-fnp","8":"tag-anziani","9":"tag-pensionati"},"_links":{"self":[{"href":"https:\/\/www.cislferrara.it\/fr\/wp-json\/wp\/v2\/posts\/1572","targetHints":{"allow":["GET"]}}],"collection":[{"href":"https:\/\/www.cislferrara.it\/fr\/wp-json\/wp\/v2\/posts"}],"about":[{"href":"https:\/\/www.cislferrara.it\/fr\/wp-json\/wp\/v2\/types\/post"}],"author":[{"embeddable":true,"href":"https:\/\/www.cislferrara.it\/fr\/wp-json\/wp\/v2\/users\/3"}],"replies":[{"embeddable":true,"href":"https:\/\/www.cislferrara.it\/fr\/wp-json\/wp\/v2\/comments?post=1572"}],"version-history":[{"count":2,"href":"https:\/\/www.cislferrara.it\/fr\/wp-json\/wp\/v2\/posts\/1572\/revisions"}],"predecessor-version":[{"id":4154,"href":"https:\/\/www.cislferrara.it\/fr\/wp-json\/wp\/v2\/posts\/1572\/revisions\/4154"}],"wp:attachment":[{"href":"https:\/\/www.cislferrara.it\/fr\/wp-json\/wp\/v2\/media?parent=1572"}],"wp:term":[{"taxonomy":"category","embeddable":true,"href":"https:\/\/www.cislferrara.it\/fr\/wp-json\/wp\/v2\/categories?post=1572"},{"taxonomy":"post_tag","embeddable":true,"href":"https:\/\/www.cislferrara.it\/fr\/wp-json\/wp\/v2\/tags?post=1572"}],"curies":[{"name":"wp","href":"https:\/\/api.w.org\/{rel}","templated":true}]}}