{"id":1568,"date":"2015-03-09T17:16:23","date_gmt":"2015-03-09T16:16:23","guid":{"rendered":"http:\/\/www.cislferrara.it\/?p=1568"},"modified":"2015-03-09T17:19:36","modified_gmt":"2015-03-09T16:19:36","slug":"elezioni-rsu-soddisfazione-di-cisl","status":"publish","type":"post","link":"https:\/\/www.cislferrara.it\/fr\/elezioni-rsu-soddisfazione-di-cisl\/","title":{"rendered":"\u00c9LECTIONS RSU : SATISFACTION CISL"},"content":{"rendered":"<p align=\"center\"><em>CGIL aime \u00ab raconter de grandes choses \u00bb<\/em><\/p>\n<p>Au lendemain des \u00e9lections du RSU qui ont concern\u00e9 tous les employ\u00e9s du secteur public les 3, 4 et 5 mars, la CGIL a exprim\u00e9 sa \u00ab plus grande satisfaction \u00bb.<\/p>\n<p>\u00ab Nous sommes extr\u00eamement satisfaits \u00bb, d\u00e9clare Alessandra Zangheratti, secr\u00e9taire g\u00e9n\u00e9rale de Cisl Scuola. \u00ab Cette fois, c&#039;est \u00e0 nous : Cisl Scuola de Ferrare a enregistr\u00e9 une augmentation significative de ses soutiens, qui ont plus que doubl\u00e9 par rapport \u00e0 2012, passant de 8\u00a0711 TP3T lors des derni\u00e8res \u00e9lections \u00e0 18\u00a061 TP3T lors de ce scrutin. \u00bb Cela en fait le deuxi\u00e8me syndicat de la province, d\u00e9passant le Snals.<\/p>\n<p>\u00ab Le r\u00e9sultat est incomplet \u00bb, ajoute Zangheratti, \u00ab car il manque l&#039;Institut int\u00e9gral 2 d&#039;Argenta, o\u00f9 les \u00e9lections devront se tenir \u00e0 nouveau dans 30 jours, car le quorum des \u00e9lecteurs n&#039;a pas \u00e9t\u00e9 atteint. \u00bb<\/p>\n<p>\u00ab De plus, \u00bb d\u00e9clare-t-elle, \u00ab je trouve la satisfaction de la CGIL, qui c\u00e9l\u00e8bre un -8% par rapport aux pr\u00e9c\u00e9dentes \u00e9lections RSU, souriante. \u00bb<\/p>\n<p>Les chiffres du secteur universitaire sont encore plus frappants, o\u00f9 la CGIL est arriv\u00e9e en t\u00eate avec une voix d&#039;avance, obtenant 153 voix contre 152 pour la CISL Universit\u00e0 et 99 pour l&#039;UIL-RUA.<\/p>\n<p>Merci \u00e0 tous les candidats, \u00e9lus et non \u00e9lus, et \u00e0 tous ceux qui ont contribu\u00e9 par leur vote \u00e0 soutenir la CISL dans une \u00e9preuve \u00e9lectorale aussi difficile. <\/p>","protected":false},"excerpt":{"rendered":"<p>La CGIL aime \u00ab parler haut et fort \u00bb. Suite aux \u00e9lections RSU impliquant tous les employ\u00e9s du secteur public les 3, 4 et 5 mars, la CGIL a exprim\u00e9 sa \u00ab satisfaction maximale \u00bb. \u00ab Satisfaction maximale \u00bb, d\u00e9clare Alessandra Zangheratti,\u2026<\/p>","protected":false},"author":3,"featured_media":1569,"comment_status":"closed","ping_status":"closed","sticky":false,"template":"","format":"standard","meta":{"footnotes":""},"categories":[1,19,11],"tags":[89],"class_list":{"0":"post-1568","1":"post","2":"type-post","3":"status-publish","4":"format-standard","5":"has-post-thumbnail","7":"category-area-stampa","8":"category-cisl-ferrara","9":"category-scuola","10":"tag-elezioni"},"_links":{"self":[{"href":"https:\/\/www.cislferrara.it\/fr\/wp-json\/wp\/v2\/posts\/1568","targetHints":{"allow":["GET"]}}],"collection":[{"href":"https:\/\/www.cislferrara.it\/fr\/wp-json\/wp\/v2\/posts"}],"about":[{"href":"https:\/\/www.cislferrara.it\/fr\/wp-json\/wp\/v2\/types\/post"}],"author":[{"embeddable":true,"href":"https:\/\/www.cislferrara.it\/fr\/wp-json\/wp\/v2\/users\/3"}],"replies":[{"embeddable":true,"href":"https:\/\/www.cislferrara.it\/fr\/wp-json\/wp\/v2\/comments?post=1568"}],"version-history":[{"count":0,"href":"https:\/\/www.cislferrara.it\/fr\/wp-json\/wp\/v2\/posts\/1568\/revisions"}],"wp:featuredmedia":[{"embeddable":true,"href":"https:\/\/www.cislferrara.it\/fr\/wp-json\/wp\/v2\/media\/1569"}],"wp:attachment":[{"href":"https:\/\/www.cislferrara.it\/fr\/wp-json\/wp\/v2\/media?parent=1568"}],"wp:term":[{"taxonomy":"category","embeddable":true,"href":"https:\/\/www.cislferrara.it\/fr\/wp-json\/wp\/v2\/categories?post=1568"},{"taxonomy":"post_tag","embeddable":true,"href":"https:\/\/www.cislferrara.it\/fr\/wp-json\/wp\/v2\/tags?post=1568"}],"curies":[{"name":"wp","href":"https:\/\/api.w.org\/{rel}","templated":true}]}}