{"id":1421,"date":"2015-02-06T16:36:08","date_gmt":"2015-02-06T15:36:08","guid":{"rendered":"http:\/\/www.cislferrara.it\/?p=1421"},"modified":"2015-02-16T11:17:29","modified_gmt":"2015-02-16T10:17:29","slug":"raggiunto-accordo-tper","status":"publish","type":"post","link":"https:\/\/www.cislferrara.it\/fr\/raggiunto-accordo-tper\/","title":{"rendered":"ACCORD TPER CONCLU"},"content":{"rendered":"<p>Le 4 f\u00e9vrier 2015, FIT CISL Ferrara, en collaboration avec d&#039;autres syndicats, a rencontr\u00e9 la soci\u00e9t\u00e9 TPER Ferrara, la municipalit\u00e9 et la province de FERRARA et Ami pour poursuivre les n\u00e9gociations concernant les modalit\u00e9s de prolongation du contrat de service pour la gestion des transports publics locaux dans le bassin de Ferrara.<\/p>\n<p>Apr\u00e8s de longues discussions et un long d\u00e9bat, nous avons identifi\u00e9 un accord sur les objectifs \u00e0 atteindre qui nous permettent de sauvegarder la Soci\u00e9t\u00e9 de Transport Public en \u00e9vitant les proc\u00e9dures d\u2019appel d\u2019offres.<\/p>\n<p>Parmi les points saillants contenus dans le proc\u00e8s-verbal partag\u00e9, nous avons sign\u00e9 :<\/p>\n<ul>\n<li>incitations au d\u00e9part du personnel ;<\/li>\n<li>la possibilit\u00e9 de r\u00e9aliser <span style=\"text-decoration: underline;\">Seul<\/span> transferts volontaires de ressources vers d\u2019autres usines\/sites\/d\u00e9p\u00f4ts en dehors du bassin de la province de Ferrare avec des incitations ;<\/li>\n<li>paiement int\u00e9gral de la prime de performance \u00e0 tous les travailleurs ;<\/li>\n<li>l&#039;engagement de la Municipalit\u00e9 et de la Province de Ferrare \u00e0 trouver des ressources \u00e9conomiques pour investir dans les transports publics pour leur relance sur le territoire ;<\/li>\n<li>l\u2019engagement des organisations syndicales signataires \u00e0 apporter une contribution constructive \u00e0 l\u2019augmentation de la rentabilit\u00e9 ;<\/li>\n<li>l&#039;engagement de l&#039;entreprise \u00e0 r\u00e9aliser des projets de relance des transports publics locaux \u00e0 Ferrare (voies pr\u00e9f\u00e9rentielles, parkings d&#039;\u00e9change intermodal, etc.)<\/li>\n<li>L&#039;engagement d&#039;Ami et de TPF\/T \u00e0 adapter le programme de services aux demandes de la communaut\u00e9.<\/li>\n<\/ul>\n<p>Il est attach\u00e9 <a href=\"http:\/\/www.cislferrara.it\/wp-content\/uploads\/2015\/02\/verbale-TPER-24.02.15.pdf\">PROC\u00c8S-VERBAL DE LA R\u00c9UNION<\/a> <\/p>","protected":false},"excerpt":{"rendered":"<p>Le 4 f\u00e9vrier 2015, le FIT CISL Ferrara, en collaboration avec d&#039;autres syndicats, a rencontr\u00e9 l&#039;entreprise Ferrara TPER, la municipalit\u00e9 et la province de Ferrare et AMI pour\u2026<\/p>","protected":false},"author":3,"featured_media":1422,"comment_status":"closed","ping_status":"closed","sticky":false,"template":"","format":"standard","meta":{"footnotes":""},"categories":[19,7],"tags":[56,57,64],"class_list":{"0":"post-1421","1":"post","2":"type-post","3":"status-publish","4":"format-standard","5":"has-post-thumbnail","7":"category-cisl-ferrara","8":"category-fit","9":"tag-tper","10":"tag-tpl","11":"tag-trasporto-pubblico-locale"},"_links":{"self":[{"href":"https:\/\/www.cislferrara.it\/fr\/wp-json\/wp\/v2\/posts\/1421","targetHints":{"allow":["GET"]}}],"collection":[{"href":"https:\/\/www.cislferrara.it\/fr\/wp-json\/wp\/v2\/posts"}],"about":[{"href":"https:\/\/www.cislferrara.it\/fr\/wp-json\/wp\/v2\/types\/post"}],"author":[{"embeddable":true,"href":"https:\/\/www.cislferrara.it\/fr\/wp-json\/wp\/v2\/users\/3"}],"replies":[{"embeddable":true,"href":"https:\/\/www.cislferrara.it\/fr\/wp-json\/wp\/v2\/comments?post=1421"}],"version-history":[{"count":0,"href":"https:\/\/www.cislferrara.it\/fr\/wp-json\/wp\/v2\/posts\/1421\/revisions"}],"wp:featuredmedia":[{"embeddable":true,"href":"https:\/\/www.cislferrara.it\/fr\/wp-json\/wp\/v2\/media\/1422"}],"wp:attachment":[{"href":"https:\/\/www.cislferrara.it\/fr\/wp-json\/wp\/v2\/media?parent=1421"}],"wp:term":[{"taxonomy":"category","embeddable":true,"href":"https:\/\/www.cislferrara.it\/fr\/wp-json\/wp\/v2\/categories?post=1421"},{"taxonomy":"post_tag","embeddable":true,"href":"https:\/\/www.cislferrara.it\/fr\/wp-json\/wp\/v2\/tags?post=1421"}],"curies":[{"name":"wp","href":"https:\/\/api.w.org\/{rel}","templated":true}]}}