{"id":1416,"date":"2015-01-12T16:05:04","date_gmt":"2015-01-12T15:05:04","guid":{"rendered":"http:\/\/www.cislferrara.it\/?p=1416"},"modified":"2015-03-18T06:40:50","modified_gmt":"2015-03-18T05:40:50","slug":"vota-cisl-scuola-345-marzo","status":"publish","type":"post","link":"https:\/\/www.cislferrara.it\/fr\/vota-cisl-scuola-345-marzo\/","title":{"rendered":"RENOUVELLEMENT RSU : VOTEZ CISL SCUOLA 3, 4, 5 MARS"},"content":{"rendered":"<div>\n<div>\n<p>Nous voterons <b>du 3 au 5 mars 2015<\/b> dans toutes les \u00e9coles pour la <b>renouvellement de la RSU<\/b>Ces m\u00eames jours, tous les secteurs de l&#039;emploi public seront appel\u00e9s \u00e0 voter. Cet \u00e9v\u00e9nement d\u00e9mocratique majeur suffirait \u00e0 lui seul \u00e0 dissiper nombre de platitudes souvent prof\u00e9r\u00e9es sur le r\u00f4le et la repr\u00e9sentativit\u00e9 des syndicats.<\/p>\n<p>Les \u00e9lections du RSU sont un \u00e9v\u00e9nement d&#039;une grande importance et d&#039;une grande valeur, une occasion pr\u00e9cieuse pour le syndicat de renforcer sa pr\u00e9sence g\u00e9n\u00e9ralis\u00e9e et capillaire sur le lieu de travail ; mais c&#039;est surtout la volont\u00e9 de nombreux travailleurs d&#039;assumer directement des r\u00f4les de repr\u00e9sentation et de n\u00e9gociation qui en fait un moment de <b>d\u00e9mocratie authentique et participative<\/b>.<\/p>\n<p>La campagne pour le renouvellement de la structure syndicale (RSU) est lanc\u00e9e dans un contexte de mobilisation au sein du secteur, exigeant une attention particuli\u00e8re de la part d&#039;une politique g\u00e9n\u00e9reuse en paroles mais peu concr\u00e8te. La tentative de restreindre l&#039;action syndicale et ses pr\u00e9rogatives devient chaque jour plus \u00e9vidente et insidieuse. La demande d&#039;intervention l\u00e9gislative dans les carri\u00e8res du personnel, ainsi que le gel des contrats, bloqu\u00e9s depuis plus de six ans, en sont l&#039;exemple le plus frappant.<\/p>\n<p>Avec le vote pour le renouvellement du RSU, les travailleurs de l\u2019\u00e9cole ont l\u2019occasion de donner une r\u00e9ponse ferme et explicite \u00e0 ceux qui, en cherchant \u00e0 r\u00e9duire ou \u00e0 nier les espaces de n\u00e9gociation dans lesquels s\u2019exerce l\u2019action syndicale, veulent \u00e9galement accaparer leurs attentes et leurs droits.<\/p>\n<p>\u00ab<b>Allumez le RSU<\/b>&quot; est le message que le <b>\u00c9cole Cisl<\/b> Elle s&#039;adresse aux travailleurs, les invitant \u00e0 r\u00e9agir par leur vote \u00e0 l&#039;affirmation selon laquelle, avec leur contrat, ils \u00ab \u00e9teignent \u00bb la possibilit\u00e9 m\u00eame de continuer \u00e0 r\u00e9guler les aspects r\u00e9glementaires et \u00e9conomiques de leur relation de travail dans le cadre contractuel.<\/p>\n<p>C&#039;est pourquoi il est important que la participation \u00e9lectorale soit \u00e9lev\u00e9e, comme lors de toutes les \u00e9lections pr\u00e9c\u00e9dentes. Mais il est tout aussi important que le vote confirme et renforce la pr\u00e9sence d&#039;un syndicat comme le <b>\u00c9cole Cisl<\/b>, qui a toujours plac\u00e9 la n\u00e9gociation au centre de sa culture et de sa mani\u00e8re de faire le travail syndical.<\/p>\n<p>\u00ab<b>Allumez votre RSU<\/b>&quot;en votant pour notre liste et nos candidats.<\/p>\n<\/div>\n<\/div>","protected":false},"excerpt":{"rendered":"<p>Le vote pour le renouvellement des syndicats repr\u00e9sentatifs (RSU) se d\u00e9roulera dans tous les \u00e9tablissements scolaires du 3 au 5 mars 2015. Tous les secteurs du secteur public voteront \u00e9galement aux m\u00eames dates.<\/p>","protected":false},"author":3,"featured_media":1549,"comment_status":"closed","ping_status":"closed","sticky":false,"template":"","format":"standard","meta":{"footnotes":""},"categories":[11],"tags":[77],"class_list":{"0":"post-1416","1":"post","2":"type-post","3":"status-publish","4":"format-standard","5":"has-post-thumbnail","7":"category-scuola","8":"tag-elezioni-rsu"},"_links":{"self":[{"href":"https:\/\/www.cislferrara.it\/fr\/wp-json\/wp\/v2\/posts\/1416","targetHints":{"allow":["GET"]}}],"collection":[{"href":"https:\/\/www.cislferrara.it\/fr\/wp-json\/wp\/v2\/posts"}],"about":[{"href":"https:\/\/www.cislferrara.it\/fr\/wp-json\/wp\/v2\/types\/post"}],"author":[{"embeddable":true,"href":"https:\/\/www.cislferrara.it\/fr\/wp-json\/wp\/v2\/users\/3"}],"replies":[{"embeddable":true,"href":"https:\/\/www.cislferrara.it\/fr\/wp-json\/wp\/v2\/comments?post=1416"}],"version-history":[{"count":0,"href":"https:\/\/www.cislferrara.it\/fr\/wp-json\/wp\/v2\/posts\/1416\/revisions"}],"wp:featuredmedia":[{"embeddable":true,"href":"https:\/\/www.cislferrara.it\/fr\/wp-json\/wp\/v2\/media\/1549"}],"wp:attachment":[{"href":"https:\/\/www.cislferrara.it\/fr\/wp-json\/wp\/v2\/media?parent=1416"}],"wp:term":[{"taxonomy":"category","embeddable":true,"href":"https:\/\/www.cislferrara.it\/fr\/wp-json\/wp\/v2\/categories?post=1416"},{"taxonomy":"post_tag","embeddable":true,"href":"https:\/\/www.cislferrara.it\/fr\/wp-json\/wp\/v2\/tags?post=1416"}],"curies":[{"name":"wp","href":"https:\/\/api.w.org\/{rel}","templated":true}]}}