{"id":1316,"date":"2015-01-15T14:55:41","date_gmt":"2015-01-15T13:55:41","guid":{"rendered":"http:\/\/www.cislferrara.it\/?p=1316"},"modified":"2015-02-16T11:26:05","modified_gmt":"2015-02-16T10:26:05","slug":"garantita-loccupazione-della-centrale-elettrica-di-ferrara-cef","status":"publish","type":"post","link":"https:\/\/www.cislferrara.it\/fr\/garantita-loccupazione-della-centrale-elettrica-di-ferrara-cef\/","title":{"rendered":"E.ON VEND LA CENTRALE \u00c9LECTRIQUE DE FERRARA : LA FLAEI S&#039;INQUI\u00c8TE DE L&#039;EMPLOI"},"content":{"rendered":"<p>Emplois assur\u00e9s \u00e0 la centrale \u00e9lectrique de Ferrare (CEF), acquise par un groupe de la R\u00e9publique tch\u00e8que.<\/p>\n<p>E.ON vend sept centrales \u00e9lectriques italiennes au groupe tch\u00e8que Eph. Cette d\u00e9cision n&#039;est gu\u00e8re surprenante compte tenu du d\u00e9sint\u00e9r\u00eat manifest\u00e9 par l&#039;entreprise allemande pour le march\u00e9 italien de l&#039;\u00e9lectricit\u00e9. Aujourd&#039;hui, un projet, malheureusement clair depuis un certain temps et qui souligne la fragilit\u00e9 de la production d&#039;\u00e9lectricit\u00e9 en Italie, se concr\u00e9tise dans les moindres d\u00e9tails.<\/p>\n<p>Les centrales \u00e9lectriques qu&#039;E.ON devrait vendre au groupe Eph garantissent une puissance install\u00e9e de 4 500 MW et sont situ\u00e9es \u00e0 Fiume Santo en Sardaigne, o\u00f9 se trouve une centrale au charbon, \u00e0 Livorno Ferraris, Tavazzano, Ostiglia, <b>Cef Ferrara<\/b>, Trapani et Scandale, o\u00f9 sont pr\u00e9sents des groupes gaziers. L&#039;ensemble de ces centrales fournit de l&#039;\u00e9lectricit\u00e9 \u00e0 environ un million de familles et d&#039;entreprises. Le maintien de l&#039;emploi et la n\u00e9cessit\u00e9 de r\u00e9aliser des investissements prudents sont les priorit\u00e9s de Cisl-Flaei.<\/p>\n<p>Une chose est s\u00fbre \u2013 affirme le secr\u00e9taire g\u00e9n\u00e9ral de Flaei Cisl Carlo De Masi \u2013 la liquidation de la troisi\u00e8me \u00ab gen.cos \u00bb certifie de mani\u00e8re in\u00e9luctable l\u2019\u00e9chec d\u2019une lib\u00e9ralisation du secteur \u00e9lectro-\u00e9nerg\u00e9tique mal pens\u00e9e et encore plus mal mise en \u0153uvre.<\/p>\n<p>Nous sommes aujourd&#039;hui confront\u00e9s \u00e0 une situation d&#039;urgence, aggrav\u00e9e par des choix de production discutables et inconsid\u00e9r\u00e9s, un mix \u00e9nerg\u00e9tique fortement d\u00e9s\u00e9quilibr\u00e9, des co\u00fbts \u00e9lev\u00e9s, des investissements dans de nouvelles centrales forc\u00e9es de fonctionner \u00e0 un rythme minimum en raison de co\u00fbts de gestion \u00e9lev\u00e9s. Tout cela se produit dans la pire p\u00e9riode \u00e9conomique jamais enregistr\u00e9e dans l&#039;histoire \u00e9conomique mondiale.<\/p>\n<p>L&#039;absence de plan \u00e9nerg\u00e9tique national a encore aggrav\u00e9, comme le rappelle Carlo De Masi, le d\u00e9ficit d&#039;une lib\u00e9ralisation qui a clairement \u00e9chou\u00e9 \u00e0 atteindre ses objectifs, dont les travailleurs et les consommateurs sont aujourd&#039;hui les premiers \u00e0 subir les cons\u00e9quences. L&#039;objectif \u00e9tait d&#039;innover dans le secteur de l&#039;\u00e9lectricit\u00e9, de moderniser le syst\u00e8me, de trouver un \u00e9quilibre entre les sources d&#039;\u00e9nergie et de r\u00e9duire les tarifs. Or, la r\u00e9alit\u00e9 est tout autre.<\/p>\n<p>En tant que repr\u00e9sentants du monde du travail, nous n&#039;avons aucune objection au transfert \u00e0 un autre op\u00e9rateur des centrales \u00e9lectriques qui font l&#039;objet de la vente entre entreprises allemandes et tch\u00e8ques, m\u00eame si la fragmentation des activit\u00e9s d&#039;un groupe au moment de leur transfert peut cacher des \u00e9cueils.<\/p>\n<p>Nous esp\u00e9rons que ces choix apporteront enfin de la clart\u00e9 et offriront de solides perspectives de croissance aux plantes acquises par un nouveau propri\u00e9taire.<\/p>\n<p>Nous voulons rappeler \u2013 dit Carlo De Masi \u2013 comment le syndicat a propos\u00e9 au gouvernement un plan int\u00e9gr\u00e9 d\u2019interventions en faveur de la production thermo\u00e9lectrique capable de g\u00e9rer les conflits individuels dans une perspective g\u00e9n\u00e9rale, en garantissant des niveaux d\u2019emploi globaux avec le recours possible \u00e0 la solidarit\u00e9 au sein des diff\u00e9rents cycles de production, interventions n\u00e9cessaires pour moderniser le syst\u00e8me, garantir une meilleure efficacit\u00e9 \u00e9conomique, r\u00e9duire l\u2019impact environnemental et construire une logique de d\u00e9veloppement \u00e0 moyen et long terme capable de garantir la r\u00e9organisation du secteur.<\/p>\n<p>Nous esp\u00e9rons qu\u2019avec les nouveaux partenaires d\u2019Eph \u2013 conclut le secr\u00e9taire g\u00e9n\u00e9ral de Flaei \u2013 nous pourrons construire des relations industrielles visant \u00e0 promouvoir le professionnalisme, dans un mod\u00e8le de plus en plus ouvert et participatif qui reconna\u00eet les qualit\u00e9s premi\u00e8res du travail qui sont essentielles pour offrir des services de qualit\u00e9 et pratiques. <\/p>","protected":false},"excerpt":{"rendered":"<p>Les emplois de la centrale \u00e9lectrique de Ferrare (CEF), acquise par un groupe tch\u00e8que, ont \u00e9t\u00e9 pr\u00e9serv\u00e9s. E.ON vend sept centrales \u00e9lectriques italiennes au groupe tch\u00e8que Eph. Cette d\u00e9cision ne\u2026<\/p>","protected":false},"author":3,"featured_media":1317,"comment_status":"closed","ping_status":"closed","sticky":false,"template":"","format":"standard","meta":{"footnotes":""},"categories":[19,6],"tags":[69],"class_list":{"0":"post-1316","1":"post","2":"type-post","3":"status-publish","4":"format-standard","5":"has-post-thumbnail","7":"category-cisl-ferrara","8":"category-flaei","9":"tag-e-on"},"_links":{"self":[{"href":"https:\/\/www.cislferrara.it\/fr\/wp-json\/wp\/v2\/posts\/1316","targetHints":{"allow":["GET"]}}],"collection":[{"href":"https:\/\/www.cislferrara.it\/fr\/wp-json\/wp\/v2\/posts"}],"about":[{"href":"https:\/\/www.cislferrara.it\/fr\/wp-json\/wp\/v2\/types\/post"}],"author":[{"embeddable":true,"href":"https:\/\/www.cislferrara.it\/fr\/wp-json\/wp\/v2\/users\/3"}],"replies":[{"embeddable":true,"href":"https:\/\/www.cislferrara.it\/fr\/wp-json\/wp\/v2\/comments?post=1316"}],"version-history":[{"count":0,"href":"https:\/\/www.cislferrara.it\/fr\/wp-json\/wp\/v2\/posts\/1316\/revisions"}],"wp:featuredmedia":[{"embeddable":true,"href":"https:\/\/www.cislferrara.it\/fr\/wp-json\/wp\/v2\/media\/1317"}],"wp:attachment":[{"href":"https:\/\/www.cislferrara.it\/fr\/wp-json\/wp\/v2\/media?parent=1316"}],"wp:term":[{"taxonomy":"category","embeddable":true,"href":"https:\/\/www.cislferrara.it\/fr\/wp-json\/wp\/v2\/categories?post=1316"},{"taxonomy":"post_tag","embeddable":true,"href":"https:\/\/www.cislferrara.it\/fr\/wp-json\/wp\/v2\/tags?post=1316"}],"curies":[{"name":"wp","href":"https:\/\/api.w.org\/{rel}","templated":true}]}}