{"id":1188,"date":"2014-12-11T10:40:14","date_gmt":"2014-12-11T09:40:14","guid":{"rendered":"http:\/\/www.cislferrara.it\/?p=1188"},"modified":"2015-01-12T11:39:58","modified_gmt":"2015-01-12T10:39:58","slug":"incontro-con-precari-della-scuola","status":"publish","type":"post","link":"https:\/\/www.cislferrara.it\/fr\/incontro-con-precari-della-scuola\/","title":{"rendered":"RENCONTRE AVEC LES TRAVAILLEURS PR\u00c9CAIRES DE L&#039;\u00c9COLE"},"content":{"rendered":"<p>Comme on le sait, le 26 novembre, la Cour de justice a rendu son arr\u00eat concernant l&#039;ill\u00e9gitimit\u00e9 de la r\u00e9it\u00e9ration indiscrimin\u00e9e et illimit\u00e9e des contrats \u00e0 dur\u00e9e d\u00e9termin\u00e9e des enseignants.<\/p>\n<p>C&#039;est pour cette raison que demain, 12 d\u00e9cembre, \u00e0 14h30, au si\u00e8ge du CISL, Corso Piave 60, en pr\u00e9sence des avocats Paolo Picci et Alessandro Pace, se tiendra une r\u00e9union de clarification avec les enseignants temporaires et le personnel de l&#039;ATA int\u00e9ress\u00e9s \u00e0 d\u00e9poser un recours en stabilisation et en indemnisation.<\/p>\n<p>En g\u00e9n\u00e9ral, le renouvellement des contrats \u00e0 dur\u00e9e d\u00e9termin\u00e9e doit \u00eatre justifi\u00e9 par des \u00ab raisons objectives \u00bb (notamment des besoins concrets tels que l&#039;absence du titulaire pour cause de maladie, de maternit\u00e9, etc.) et il doit exister des r\u00e8gles permettant de v\u00e9rifier ad\u00e9quatement l&#039;existence de raisons objectives.<\/p>\n<p>De telles raisons objectives n\u2019existent pas dans le cas de renouvellements de contrats (30 juin, 31 ao\u00fbt) pour une dur\u00e9e totale sup\u00e9rieure \u00e0 36 mois.<\/p>\n<p>Dans la phrase<b> <\/b>La Cour de justice affirme clairement que le droit italien est totalement d\u00e9pourvu de r\u00e9glementation r\u00e9gissant la stipulation de contrats de travail \u00e0 dur\u00e9e d\u00e9termin\u00e9e prot\u00e9geant les travailleurs contre les abus li\u00e9s aux contrats r\u00e9p\u00e9titifs. Cette l\u00e9gislation ne pr\u00e9voit pas non plus d&#039;indemnisation des dommages, violant ainsi les dispositions du trait\u00e9. Concernant ce litige, la CISL Scuola (Conf\u00e9d\u00e9ration italienne des \u00e9coles) de Ferrare, par l&#039;interm\u00e9diaire du cabinet Paolo Picci, a d\u00e9j\u00e0 interjet\u00e9 appel devant le tribunal du travail. Nous attendons la d\u00e9cision sur le fond, qui devrait tenir compte de la position exprim\u00e9e par la Cour de justice. Nous pensons qu&#039;une action en justice peut \u00eatre engag\u00e9e contre ceux qui n&#039;ont pas encore interjet\u00e9 appel.<b><\/b><\/p>\n<p>&nbsp;<\/p>\n<p align=\"center\">\u00c9cole CISL de Ferrare<\/p>\n<p align=\"center\">Le Secr\u00e9taire g\u00e9n\u00e9ral<\/p>\n<p align=\"center\">Alessandra Zangheratti<\/p>","protected":false},"excerpt":{"rendered":"<p>Come noto, il 26 novembre la Corte di Giustizia ha emesso la sentenza relativa all\u2019illegittimit\u00e0 della reiterazione indiscriminata ed illimitata dei contratti dei docenti a tempo determinato. Per questo, domani&#8230;<\/p>","protected":false},"author":3,"featured_media":1189,"comment_status":"closed","ping_status":"closed","sticky":false,"template":"","format":"standard","meta":{"footnotes":""},"categories":[19,11],"tags":[37,38],"class_list":{"0":"post-1188","1":"post","2":"type-post","3":"status-publish","4":"format-standard","5":"has-post-thumbnail","7":"category-cisl-ferrara","8":"category-scuola","9":"tag-scuola-2","10":"tag-tutela"},"_links":{"self":[{"href":"https:\/\/www.cislferrara.it\/fr\/wp-json\/wp\/v2\/posts\/1188","targetHints":{"allow":["GET"]}}],"collection":[{"href":"https:\/\/www.cislferrara.it\/fr\/wp-json\/wp\/v2\/posts"}],"about":[{"href":"https:\/\/www.cislferrara.it\/fr\/wp-json\/wp\/v2\/types\/post"}],"author":[{"embeddable":true,"href":"https:\/\/www.cislferrara.it\/fr\/wp-json\/wp\/v2\/users\/3"}],"replies":[{"embeddable":true,"href":"https:\/\/www.cislferrara.it\/fr\/wp-json\/wp\/v2\/comments?post=1188"}],"version-history":[{"count":0,"href":"https:\/\/www.cislferrara.it\/fr\/wp-json\/wp\/v2\/posts\/1188\/revisions"}],"wp:featuredmedia":[{"embeddable":true,"href":"https:\/\/www.cislferrara.it\/fr\/wp-json\/wp\/v2\/media\/1189"}],"wp:attachment":[{"href":"https:\/\/www.cislferrara.it\/fr\/wp-json\/wp\/v2\/media?parent=1188"}],"wp:term":[{"taxonomy":"category","embeddable":true,"href":"https:\/\/www.cislferrara.it\/fr\/wp-json\/wp\/v2\/categories?post=1188"},{"taxonomy":"post_tag","embeddable":true,"href":"https:\/\/www.cislferrara.it\/fr\/wp-json\/wp\/v2\/tags?post=1188"}],"curies":[{"name":"wp","href":"https:\/\/api.w.org\/{rel}","templated":true}]}}