{"id":3426,"date":"2020-04-30T21:15:33","date_gmt":"2020-04-30T19:15:33","guid":{"rendered":"https:\/\/www.cislferrara.it\/?p=3426"},"modified":"2020-04-30T21:15:33","modified_gmt":"2020-04-30T19:15:33","slug":"70-anni-fa-nasceva-la-cisl","status":"publish","type":"post","link":"https:\/\/www.cislferrara.it\/en\/70-anni-fa-nasceva-la-cisl\/","title":{"rendered":"70 years ago the CISL was born"},"content":{"rendered":"<p>...and it will be a strong, free, and democratic union that will achieve justice for workers. Only the union will protect freedom. Only a free, strong, and democratic union will form the basis of a secure peace.<\/p>\n<p style=\"text-align: right;\"><span style=\"text-align: right; text-transform: initial;\">Julius Pastore)<\/span><\/p>\n<p>&nbsp;<\/p>\n<p style=\"text-align: center;\">Rome, April 30, 1950, Adriano Theater, founding assembly of the Italian Confederation of Workers&#039; Unions<\/p>\n<p>For 70 years, thanks to our free and democratic thinking, we have followed the path traced by our founding Father: &quot;for the Person, for Work&quot;<\/p>\n<p style=\"text-align: right;\">CISL FERRARA<\/p>","protected":false},"excerpt":{"rendered":"<p>&#8230;. e sar\u00e0 un sindacato forte, libero e democratico che realizzer\u00e0 per i lavoratori la giustizia, soltanto il sindacato presidier\u00e0 la libert\u00e0, soltanto il sindacato libero, forte e democratico former\u00e0&#8230;<\/p>","protected":false},"author":3,"featured_media":3427,"comment_status":"closed","ping_status":"closed","sticky":false,"template":"","format":"standard","meta":{"footnotes":""},"categories":[1],"tags":[],"class_list":{"0":"post-3426","1":"post","2":"type-post","3":"status-publish","4":"format-standard","5":"has-post-thumbnail","7":"category-area-stampa"},"_links":{"self":[{"href":"https:\/\/www.cislferrara.it\/en\/wp-json\/wp\/v2\/posts\/3426","targetHints":{"allow":["GET"]}}],"collection":[{"href":"https:\/\/www.cislferrara.it\/en\/wp-json\/wp\/v2\/posts"}],"about":[{"href":"https:\/\/www.cislferrara.it\/en\/wp-json\/wp\/v2\/types\/post"}],"author":[{"embeddable":true,"href":"https:\/\/www.cislferrara.it\/en\/wp-json\/wp\/v2\/users\/3"}],"replies":[{"embeddable":true,"href":"https:\/\/www.cislferrara.it\/en\/wp-json\/wp\/v2\/comments?post=3426"}],"version-history":[{"count":0,"href":"https:\/\/www.cislferrara.it\/en\/wp-json\/wp\/v2\/posts\/3426\/revisions"}],"wp:featuredmedia":[{"embeddable":true,"href":"https:\/\/www.cislferrara.it\/en\/wp-json\/wp\/v2\/media\/3427"}],"wp:attachment":[{"href":"https:\/\/www.cislferrara.it\/en\/wp-json\/wp\/v2\/media?parent=3426"}],"wp:term":[{"taxonomy":"category","embeddable":true,"href":"https:\/\/www.cislferrara.it\/en\/wp-json\/wp\/v2\/categories?post=3426"},{"taxonomy":"post_tag","embeddable":true,"href":"https:\/\/www.cislferrara.it\/en\/wp-json\/wp\/v2\/tags?post=3426"}],"curies":[{"name":"wp","href":"https:\/\/api.w.org\/{rel}","templated":true}]}}