{"id":1498,"date":"2015-02-18T11:06:56","date_gmt":"2015-02-18T10:06:56","guid":{"rendered":"http:\/\/www.cislferrara.it\/?p=1498"},"modified":"2015-02-23T11:28:24","modified_gmt":"2015-02-23T10:28:24","slug":"agroalimentare-legalita-diritti-e-dignita","status":"publish","type":"post","link":"https:\/\/www.cislferrara.it\/en\/agroalimentare-legalita-diritti-e-dignita\/","title":{"rendered":"Agriculture. Legality, rights and dignity"},"content":{"rendered":"<p>The Agricultural Federation of Cisl Ferrara (Fai) also participated in the joint initiative of national importance held in Rosarno and entitled \u201cLegality, rights and dignity starting from Rosarno we can\u201d.<br \/>\nAt this initiative, which also involved Minister Maurizio Martina and the employers&#039; parties, Fai provincial secretary Paolo Fabbiani states that it was important to participate because &quot;The memory of the Rosarno episodes served to take stock of the current situation and evaluate concrete measures to combat the scourge of undeclared work and gangmastering in agriculture. In fact, it is an increasingly current problem that unfortunately is increasing and is now increasingly widespread throughout the country&quot;. <\/p>","protected":false},"excerpt":{"rendered":"<p>Anche la Federazione Agricola della Cisl Ferrara (Fai) ha partecipato all&#8217;iniziativa unitaria, di rilevanza nazionale che si \u00e8 tenuta a Rosarno e intitolata &#8220;Legalit\u00e0, diritti e dignit\u00e0\u00a0a partire da Rosarno&#8230;<\/p>","protected":false},"author":3,"featured_media":1499,"comment_status":"closed","ping_status":"closed","sticky":false,"template":"","format":"standard","meta":{"footnotes":""},"categories":[19,15],"tags":[45,84],"class_list":{"0":"post-1498","1":"post","2":"type-post","3":"status-publish","4":"format-standard","5":"has-post-thumbnail","7":"category-cisl-ferrara","8":"category-fai","9":"tag-agricoltura","10":"tag-lavoro-nero"},"_links":{"self":[{"href":"https:\/\/www.cislferrara.it\/en\/wp-json\/wp\/v2\/posts\/1498","targetHints":{"allow":["GET"]}}],"collection":[{"href":"https:\/\/www.cislferrara.it\/en\/wp-json\/wp\/v2\/posts"}],"about":[{"href":"https:\/\/www.cislferrara.it\/en\/wp-json\/wp\/v2\/types\/post"}],"author":[{"embeddable":true,"href":"https:\/\/www.cislferrara.it\/en\/wp-json\/wp\/v2\/users\/3"}],"replies":[{"embeddable":true,"href":"https:\/\/www.cislferrara.it\/en\/wp-json\/wp\/v2\/comments?post=1498"}],"version-history":[{"count":0,"href":"https:\/\/www.cislferrara.it\/en\/wp-json\/wp\/v2\/posts\/1498\/revisions"}],"wp:featuredmedia":[{"embeddable":true,"href":"https:\/\/www.cislferrara.it\/en\/wp-json\/wp\/v2\/media\/1499"}],"wp:attachment":[{"href":"https:\/\/www.cislferrara.it\/en\/wp-json\/wp\/v2\/media?parent=1498"}],"wp:term":[{"taxonomy":"category","embeddable":true,"href":"https:\/\/www.cislferrara.it\/en\/wp-json\/wp\/v2\/categories?post=1498"},{"taxonomy":"post_tag","embeddable":true,"href":"https:\/\/www.cislferrara.it\/en\/wp-json\/wp\/v2\/tags?post=1498"}],"curies":[{"name":"wp","href":"https:\/\/api.w.org\/{rel}","templated":true}]}}