{"id":3590,"date":"2022-10-25T15:30:15","date_gmt":"2022-10-25T13:30:15","guid":{"rendered":"https:\/\/www.cislferrara.it\/?p=3590"},"modified":"2026-03-18T15:25:19","modified_gmt":"2026-03-18T14:25:19","slug":"richiesta-disoccupazione-agricola","status":"publish","type":"post","link":"https:\/\/www.cislferrara.it\/ar\/richiesta-disoccupazione-agricola\/","title":{"rendered":"\u0637\u0644\u0628 \u0627\u0644\u0628\u0637\u0627\u0644\u0629 \u0627\u0644\u0632\u0631\u0627\u0639\u064a\u0629"},"content":{"rendered":"<div id=\"fws_69f0fdfa6ac74\"  data-column-margin=\"default\" data-midnight=\"dark\"  class=\"wpb_row vc_row-fluid vc_row\"  style=\"padding-top: 0px; padding-bottom: 0px; \"><div class=\"row-bg-wrap\" data-bg-animation=\"none\" data-bg-animation-delay=\"\" data-bg-overlay=\"false\"><div class=\"inner-wrap row-bg-layer\" ><div class=\"row-bg viewport-desktop\"  style=\"\"><\/div><\/div><\/div><div class=\"row_col_wrap_12 col span_12 dark left\">\n\t<div  class=\"vc_col-sm-12 wpb_column column_container vc_column_container col no-extra-padding inherit_tablet inherit_phone flex_gap_desktop_10px\"  data-padding-pos=\"all\" data-has-bg-color=\"false\" data-bg-color=\"\" data-bg-opacity=\"1\" data-animation=\"\" data-delay=\"0\" >\n\t\t<div class=\"vc_column-inner\" >\n\t\t\t<div class=\"wpb_wrapper\">\n\t\t\t\t\n<div class=\"wpb_text_column wpb_content_element\" >\n\t<p style=\"text-align: center;\">&quot;<strong>&quot;\u0627\u0644\u0628\u0637\u0627\u0644\u0629 \u0627\u0644\u0632\u0631\u0627\u0639\u064a\u0629&quot;:<\/strong><\/p>\n<p>Dal 01 gennaio al 31 marzo 2026, per i lavoratori agricoli \u00e8 il periodo tassativo nel quale si pu\u00f2 inoltrare la domanda di Disoccupazione Agricola all\u2019Inps.<\/p>\n<p>Per evitare lunghe attese, anche quest\u2019anno gi\u00e0 da\u00a0<u>\u0623\u0643\u062a\u0648\u0628\u0631<\/u>\u00a0\u0633\u0646\u0628\u062f\u0623 \u0628\u062c\u0645\u0639 \u0627\u0644\u0648\u062b\u0627\u0626\u0642\u060c \u062f\u0627\u0626\u0645\u064b\u0627 \u0639\u0646 \u0637\u0631\u064a\u0642 \u0627\u0644\u0645\u0648\u0639\u062f.<\/p>\n<p>L\u2019indennit\u00e0 di disoccupazione spetta ai lavoratori agricoli che abbiano almeno 102 contributi giornalieri nel biennio 2024 \u2013 2025 (tale requisito pu\u00f2 essere perfezionato mediante il cumulo con la contribuzione relativa ad attivit\u00e0 dipendente non agricola purch\u00e9 l\u2019attivit\u00e0 agricola sia prevalente nell\u2019anno o nel biennio di riferimento).<\/p>\n<p>L\u2019indennit\u00e0 spetta per un numero di giornate pari a quelle lavorate nel 2025, entro il limite massimo di 365 giorni e va presentata telematicamente entro i termini sopra indicati.<\/p>\n<p>\u0645\u0646 \u062e\u0644\u0627\u0644 \u0627\u0644\u0627\u062a\u0635\u0627\u0644 \u0628\u0645\u0643\u0627\u062a\u0628\u0646\u0627\u060c \u064a\u0645\u0643\u0646\u0643 \u062a\u0642\u062f\u064a\u0645 \u0637\u0644\u0628 \u0627\u0644\u0628\u0637\u0627\u0644\u0629 \u0627\u0644\u062e\u0627\u0635 \u0628\u0643 \u0639\u0628\u0631 \u0627\u0644\u0625\u0646\u062a\u0631\u0646\u062a \u0648\u0627\u0644\u062d\u0635\u0648\u0644 \u0639\u0644\u0649 \u062c\u0645\u064a\u0639 \u0627\u0644\u0645\u0639\u0644\u0648\u0645\u0627\u062a \u0627\u0644\u062a\u064a \u062a\u062d\u062a\u0627\u062c\u0647\u0627 \u062d\u0648\u0644 \u0627\u0644\u0648\u062b\u0627\u0626\u0642 \u0627\u0644\u062a\u064a \u062a\u062d\u062a\u0627\u062c \u0625\u0644\u0649 \u062a\u0642\u062f\u064a\u0645\u0647\u0627.<\/p>\n<p>\u0628\u0627\u0644\u0625\u0636\u0627\u0641\u0629 \u0625\u0644\u0649 \u0630\u0644\u0643\u060c \u0641\u064a \u062d\u0627\u0644\u0629 \u0627\u0644\u0645\u0631\u0636 \u0623\u0648 \u0627\u0644\u0625\u0635\u0627\u0628\u0629\u060c \u0633\u0646\u0642\u0648\u0645 \u0628\u0625\u0639\u062f\u0627\u062f \u0646\u0645\u0648\u0630\u062c \u0627\u0644\u0637\u0644\u0628 \u0644\u0644\u062d\u0635\u0648\u0644 \u0639\u0644\u0649 \u0645\u0643\u0645\u0644\u0627\u062a FAVLAF\u060c \u0648\u062a\u0632\u0648\u064a\u062f\u0643 \u0628\u0645\u0639\u0644\u0648\u0645\u0627\u062a \u062d\u0648\u0644 \u0635\u0646\u0627\u062f\u064a\u0642 \u0627\u0644\u0631\u0639\u0627\u064a\u0629 \u0627\u0644\u0635\u062d\u064a\u0629 \u0627\u0644\u062a\u0643\u0645\u064a\u0644\u064a\u0629 (FISA\u060c FILCOOP\u060c FIS\u060c \u0648\u0645\u0627 \u0625\u0644\u0649 \u0630\u0644\u0643)\u060c \u0648\u0627\u0644\u062a\u062d\u0642\u0642 \u0645\u0646 \u0628\u064a\u0627\u0646 \u0645\u0633\u0627\u0647\u0645\u062a\u0643 \u0641\u064a INPS.<\/p>\n<p>\u062d\u062f\u062f \u0645\u0648\u0639\u062f\u0643 \u0644\u062a\u062c\u0646\u0628 \u0627\u0644\u0637\u0648\u0627\u0628\u064a\u0631 \u0639\u0646 \u0637\u0631\u064a\u0642 \u0627\u0644\u0627\u062a\u0635\u0627\u0644 \u0639\u0644\u0649 0532.773398 \u0623\u0648 0532.777636\u060c \u0645\u0646 \u0627\u0644\u0627\u062b\u0646\u064a\u0646 \u0625\u0644\u0649 \u0627\u0644\u062c\u0645\u0639\u0629 \u0645\u0646 \u0627\u0644\u0633\u0627\u0639\u0629 9:00 \u0635\u0628\u0627\u062d\u064b\u0627 \u062d\u062a\u0649 1:00 \u0638\u0647\u0631\u064b\u0627 \u0648\u0645\u0646 \u0627\u0644\u0633\u0627\u0639\u0629 3:00 \u0639\u0635\u0631\u064b\u0627 \u062d\u062a\u0649 5:30 \u0645\u0633\u0627\u0621\u064b\u060c \u0648\u0623\u064a\u0627\u0645 \u0627\u0644\u0633\u0628\u062a (\u0641\u064a \u064a\u0646\u0627\u064a\u0631 \u0648\u0641\u0628\u0631\u0627\u064a\u0631 \u0648\u0645\u0627\u0631\u0633) \u0645\u0646 \u0627\u0644\u0633\u0627\u0639\u0629 9:30 \u0635\u0628\u0627\u062d\u064b\u0627 \u062d\u062a\u0649 12:00 \u0638\u0647\u0631\u064b\u0627.<\/p>\n<p>\u0627\u0644\u0648\u062b\u0627\u0626\u0642 \u0627\u0644\u0644\u0627\u0632\u0645\u0629 \u0644\u062a\u0642\u062f\u064a\u0645\u0647\u0627\u00a0<u>\u062a\u0645 \u062a\u0635\u0648\u064a\u0631\u0647\u0627 \u0628\u0627\u0644\u0641\u0639\u0644<\/u>:<\/p>\n<ul>\n<li>\u0635\u0648\u0631\u0629 \u0645\u0646 \u0648\u062b\u064a\u0642\u0629 \u0627\u0644\u0647\u0648\u064a\u0629 \u0648\u0627\u0644\u0631\u0645\u0632 \u0627\u0644\u0636\u0631\u064a\u0628\u064a<\/li>\n<li>\u0646\u0633\u062e\u0629 \u0645\u0646 \u0631\u0645\u0632 IBAN<\/li>\n<li>Fotocopia liquidazioni di malattia o infortunio 2025<\/li>\n<li>Fotocopie buste paga anno 2025<\/li>\n<li>\u062a\u0635\u0631\u064a\u062d \u0627\u0644\u0625\u0642\u0627\u0645\u0629 \u0644\u0644\u0639\u0645\u0627\u0644 \u0645\u0646 \u062e\u0627\u0631\u062c \u0627\u0644\u0627\u062a\u062d\u0627\u062f \u0627\u0644\u0623\u0648\u0631\u0648\u0628\u064a<\/li>\n<li>Passaporto, per lavoratori extracomunitari che si sono recati fuori dall\u2019Italia nel 2025<\/li>\n<\/ul>\n<p align=\"JUSTIFY\"><a href=\"https:\/\/www.cislferrara.it\/wp-content\/uploads\/2026\/03\/recapiti-FAI.pdf\" target=\"_blank\" rel=\"noopener\"><strong>\u0628\u064a\u0627\u0646\u0627\u062a \u0627\u0644\u0627\u062a\u0635\u0627\u0644<\/strong><\/a><\/p>\n<\/div>\n\n\n\n\n\t\t\t<\/div> \n\t\t<\/div>\n\t<\/div> \n<\/div><\/div>","protected":false},"excerpt":{"rendered":"\u201cDISOCCUPAZIONE AGRICOLA\u201d: Dal 01 gennaio al 31 marzo 2026, per i lavoratori agricoli \u00e8 il periodo tassativo nel quale si pu\u00f2 inoltrare la domanda di Disoccupazione Agricola all\u2019Inps. Per evitare...","protected":false},"author":3,"featured_media":1343,"comment_status":"closed","ping_status":"closed","sticky":false,"template":"","format":"standard","meta":{"footnotes":""},"categories":[1,19,15],"tags":[45,332,331,83,314,35],"class_list":{"0":"post-3590","1":"post","2":"type-post","3":"status-publish","4":"format-standard","5":"has-post-thumbnail","7":"category-area-stampa","8":"category-cisl-ferrara","9":"category-fai","10":"tag-agricoltura","11":"tag-agricola","12":"tag-disoccupazione","13":"tag-disoccupazione-agricola","14":"tag-fai","15":"tag-servizi"},"_links":{"self":[{"href":"https:\/\/www.cislferrara.it\/ar\/wp-json\/wp\/v2\/posts\/3590","targetHints":{"allow":["GET"]}}],"collection":[{"href":"https:\/\/www.cislferrara.it\/ar\/wp-json\/wp\/v2\/posts"}],"about":[{"href":"https:\/\/www.cislferrara.it\/ar\/wp-json\/wp\/v2\/types\/post"}],"author":[{"embeddable":true,"href":"https:\/\/www.cislferrara.it\/ar\/wp-json\/wp\/v2\/users\/3"}],"replies":[{"embeddable":true,"href":"https:\/\/www.cislferrara.it\/ar\/wp-json\/wp\/v2\/comments?post=3590"}],"version-history":[{"count":9,"href":"https:\/\/www.cislferrara.it\/ar\/wp-json\/wp\/v2\/posts\/3590\/revisions"}],"predecessor-version":[{"id":5740,"href":"https:\/\/www.cislferrara.it\/ar\/wp-json\/wp\/v2\/posts\/3590\/revisions\/5740"}],"wp:featuredmedia":[{"embeddable":true,"href":"https:\/\/www.cislferrara.it\/ar\/wp-json\/wp\/v2\/media\/1343"}],"wp:attachment":[{"href":"https:\/\/www.cislferrara.it\/ar\/wp-json\/wp\/v2\/media?parent=3590"}],"wp:term":[{"taxonomy":"category","embeddable":true,"href":"https:\/\/www.cislferrara.it\/ar\/wp-json\/wp\/v2\/categories?post=3590"},{"taxonomy":"post_tag","embeddable":true,"href":"https:\/\/www.cislferrara.it\/ar\/wp-json\/wp\/v2\/tags?post=3590"}],"curies":[{"name":"wp","href":"https:\/\/api.w.org\/{rel}","templated":true}]}}